{"id":57560,"date":"2023-03-07T17:37:50","date_gmt":"2023-03-07T19:37:50","guid":{"rendered":"http:\/\/www2.comunitaria.com.br\/?p=57560"},"modified":"2023-03-07T17:37:50","modified_gmt":"2023-03-07T19:37:50","slug":"nao-seremos-omissos-diz-agu-sobre-combate-a-desinformacao","status":"publish","type":"post","link":"https:\/\/www2.comunitaria.com.br\/en\/nao-seremos-omissos-diz-agu-sobre-combate-a-desinformacao\/","title":{"rendered":"\u201cN\u00e3o seremos omissos\u201d, diz AGU sobre combate \u00e0 desinforma\u00e7\u00e3o"},"content":{"rendered":"<p>O advogado-geral da Uni\u00e3o, Jorge Messias, defendeu nesta ter\u00e7a-feira (7) que a AGU tenha papel mais proativo no combate \u00e0 desinforma\u00e7\u00e3o e aos ataques contra a democracia. \u201cN\u00e3o seremos omissos\u201d, afirmou ele em evento de comemora\u00e7\u00e3o pelos 30 anos do \u00f3rg\u00e3o, em Bras\u00edlia.<img decoding=\"async\" src=\"https:\/\/agenciabrasil.ebc.com.br\/ebc.png?id=1514616&amp;o=node\"><img decoding=\"async\" src=\"https:\/\/agenciabrasil.ebc.com.br\/ebc.gif?id=1514616&amp;o=node\"><\/p>\n<p>Ap\u00f3s os ataques de 8 de janeiro, quando as sedes dos Tr\u00eas Poderes foram invadidas e depredadas, Messias promoveu o que chamou de \u201crearranjo de atribui\u00e7\u00f5es\u201d dentro da AGU, criando a Procuradoria Nacional de Defesa da Democracia.<\/p>\n<p>A compet\u00eancia declarada da nova procuradoria \u00e9 monitorar not\u00edcias falsas e distor\u00e7\u00f5es sobre institui\u00e7\u00f5es ou pol\u00edticas p\u00fablicas e acionar a Justi\u00e7a sempre que identificar danos ao funcionamento da democracia.<\/p>\n<p>Ele lembrou que a implementa\u00e7\u00e3o da nova procuradoria encontra-se ainda em fase de debate com outros agentes p\u00fablicos e a sociedade civil, por meio do grupo de trabalho que discute a regulamenta\u00e7\u00e3o do novo \u00f3rg\u00e3o. Messias disse que a AGU manter\u00e1 \u201ca consci\u00eancia de que nosso papel \u00e9 fortalecer as liberdades p\u00fablicas, em especial a da livre express\u00e3o e de imprensa\u201d.<\/p>\n<p>O ministro Gilmar Mendes, do Supremo Tribunal Federal (STF), louvou a iniciativa. Ele avaliou que os epis\u00f3dios de 8 de janeiro fazem parte de um movimento articulado e disse ser fundamental combater aqueles que manipulam os cidad\u00e3os e financiam iniciativas antidemocr\u00e1ticas.<\/p>","protected":false},"excerpt":{"rendered":"<p>O advogado-geral da Uni\u00e3o, Jorge Messias, defendeu nesta ter\u00e7a-feira (7) que a AGU tenha papel mais proativo no combate \u00e0 desinforma\u00e7\u00e3o e aos ataques contra a democracia. \u201cN\u00e3o seremos omissos\u201d,&#8230;<\/p>","protected":false},"author":2,"featured_media":57562,"comment_status":"open","ping_status":"closed","sticky":false,"template":"","format":"standard","meta":{"ngg_post_thumbnail":0,"footnotes":""},"categories":[33],"tags":[],"class_list":["post-57560","post","type-post","status-publish","format-standard","has-post-thumbnail","hentry","category-noticias"],"amp_enabled":true,"_links":{"self":[{"href":"https:\/\/www2.comunitaria.com.br\/en\/wp-json\/wp\/v2\/posts\/57560","targetHints":{"allow":["GET"]}}],"collection":[{"href":"https:\/\/www2.comunitaria.com.br\/en\/wp-json\/wp\/v2\/posts"}],"about":[{"href":"https:\/\/www2.comunitaria.com.br\/en\/wp-json\/wp\/v2\/types\/post"}],"author":[{"embeddable":true,"href":"https:\/\/www2.comunitaria.com.br\/en\/wp-json\/wp\/v2\/users\/2"}],"replies":[{"embeddable":true,"href":"https:\/\/www2.comunitaria.com.br\/en\/wp-json\/wp\/v2\/comments?post=57560"}],"version-history":[{"count":0,"href":"https:\/\/www2.comunitaria.com.br\/en\/wp-json\/wp\/v2\/posts\/57560\/revisions"}],"wp:featuredmedia":[{"embeddable":true,"href":"https:\/\/www2.comunitaria.com.br\/en\/wp-json\/wp\/v2\/media\/57562"}],"wp:attachment":[{"href":"https:\/\/www2.comunitaria.com.br\/en\/wp-json\/wp\/v2\/media?parent=57560"}],"wp:term":[{"taxonomy":"category","embeddable":true,"href":"https:\/\/www2.comunitaria.com.br\/en\/wp-json\/wp\/v2\/categories?post=57560"},{"taxonomy":"post_tag","embeddable":true,"href":"https:\/\/www2.comunitaria.com.br\/en\/wp-json\/wp\/v2\/tags?post=57560"}],"curies":[{"name":"wp","href":"https:\/\/api.w.org\/{rel}","templated":true}]}}