{"id":57557,"date":"2023-03-07T17:24:42","date_gmt":"2023-03-07T19:24:42","guid":{"rendered":"http:\/\/www2.comunitaria.com.br\/?p=57557"},"modified":"2023-03-07T17:24:42","modified_gmt":"2023-03-07T19:24:42","slug":"camara-de-vereadores-de-fw-recebe-exposicao-de-fotos-antigas-do-municipio","status":"publish","type":"post","link":"https:\/\/www2.comunitaria.com.br\/en\/camara-de-vereadores-de-fw-recebe-exposicao-de-fotos-antigas-do-municipio\/","title":{"rendered":"C\u00e2mara de Vereadores de FW recebe exposi\u00e7\u00e3o de fotos antigas do munic\u00edpio"},"content":{"rendered":"<p>A C\u00e2mara de Vereadores de Frederico Westphalen est\u00e1 recebendo, nesta semana, uma exposi\u00e7\u00e3o fotogr\u00e1fica que mostra a evolu\u00e7\u00e3o do munic\u00edpio nos \u00faltimos 70 anos.<\/p>\n<p>A iniciativa \u00e9 do histori\u00f3grafo Wilson Ferigollo e \u00e9 aberta \u00e0 toda a comunidade, especialmente para aqueles que s\u00e3o apaixonados por Hist\u00f3ria e fotografias.<\/p>\n<p>Uma vista a\u00e9rea da Vilinha Barril de 1953, foto da comiss\u00e3o emancipacionista, o documento da posse dos primeiros vereadores e do primeiro prefeito e vice-prefeito do munic\u00edpio e muitas outras imagens que ajudam a contar a hist\u00f3ria de FW e tamb\u00e9m da regi\u00e3o.<\/p>\n<p>A exposi\u00e7\u00e3o ficar\u00e1 nas depend\u00eancias da C\u00e2mara de Vereadores, localizada na Rua do Com\u00e9rcio, em cima da Biblioteca P\u00fablica Municipal, durante toda essa semana.<\/p>\n<p>O hor\u00e1rio \u00e9 das 8 horas \u00e0s 17 horas, sem fechar ao meio-dia. Nesta ter\u00e7a-feira, 7, o espa\u00e7o tamb\u00e9m ficar\u00e1 aberto durante a 1\u00aa Sess\u00e3o Ordin\u00e1ria do ano, que ocorre \u00e0s 19 horas, no Plen\u00e1rio Hil\u00e1rio Piovesan.<\/p>","protected":false},"excerpt":{"rendered":"<p>A C\u00e2mara de Vereadores de Frederico Westphalen est\u00e1 recebendo, nesta semana, uma exposi\u00e7\u00e3o fotogr\u00e1fica que mostra a evolu\u00e7\u00e3o do munic\u00edpio nos \u00faltimos 70 anos. A iniciativa \u00e9 do histori\u00f3grafo Wilson&#8230;<\/p>","protected":false},"author":2,"featured_media":57559,"comment_status":"open","ping_status":"closed","sticky":false,"template":"","format":"standard","meta":{"ngg_post_thumbnail":0,"footnotes":""},"categories":[33],"tags":[],"class_list":["post-57557","post","type-post","status-publish","format-standard","has-post-thumbnail","hentry","category-noticias"],"amp_enabled":true,"_links":{"self":[{"href":"https:\/\/www2.comunitaria.com.br\/en\/wp-json\/wp\/v2\/posts\/57557","targetHints":{"allow":["GET"]}}],"collection":[{"href":"https:\/\/www2.comunitaria.com.br\/en\/wp-json\/wp\/v2\/posts"}],"about":[{"href":"https:\/\/www2.comunitaria.com.br\/en\/wp-json\/wp\/v2\/types\/post"}],"author":[{"embeddable":true,"href":"https:\/\/www2.comunitaria.com.br\/en\/wp-json\/wp\/v2\/users\/2"}],"replies":[{"embeddable":true,"href":"https:\/\/www2.comunitaria.com.br\/en\/wp-json\/wp\/v2\/comments?post=57557"}],"version-history":[{"count":0,"href":"https:\/\/www2.comunitaria.com.br\/en\/wp-json\/wp\/v2\/posts\/57557\/revisions"}],"wp:featuredmedia":[{"embeddable":true,"href":"https:\/\/www2.comunitaria.com.br\/en\/wp-json\/wp\/v2\/media\/57559"}],"wp:attachment":[{"href":"https:\/\/www2.comunitaria.com.br\/en\/wp-json\/wp\/v2\/media?parent=57557"}],"wp:term":[{"taxonomy":"category","embeddable":true,"href":"https:\/\/www2.comunitaria.com.br\/en\/wp-json\/wp\/v2\/categories?post=57557"},{"taxonomy":"post_tag","embeddable":true,"href":"https:\/\/www2.comunitaria.com.br\/en\/wp-json\/wp\/v2\/tags?post=57557"}],"curies":[{"name":"wp","href":"https:\/\/api.w.org\/{rel}","templated":true}]}}