{"id":57510,"date":"2023-03-03T17:29:02","date_gmt":"2023-03-03T19:29:02","guid":{"rendered":"http:\/\/www2.comunitaria.com.br\/?p=57510"},"modified":"2023-03-03T17:29:02","modified_gmt":"2023-03-03T19:29:02","slug":"amzop-realiza-primeira-assembleia-geral-da-gestao-2023-2024","status":"publish","type":"post","link":"https:\/\/www2.comunitaria.com.br\/en\/amzop-realiza-primeira-assembleia-geral-da-gestao-2023-2024\/","title":{"rendered":"Amzop realiza primeira Assembleia Geral da gest\u00e3o 2023\/2024"},"content":{"rendered":"<p>A gest\u00e3o 2023\/2024, presidida pelo prefeito de Palmeira das Miss\u00f5es, Evandro Massing, realizou nesta quinta-feira (2\/3) a primeira Assembleia Geral de Prefeitos composta pelo novo Conselho de Administra\u00e7\u00e3o da Amzop. O encontro foi realizado durante a tarde na Exponay em Nonoai. A Assembleia contou com a presen\u00e7a de prefeitos e primeiras-damas.<\/p>\n<p>Durante a abertura da Assembleia, foi apresentado as a\u00e7\u00f5es e articula\u00e7\u00f5es que foram realizadas neste primeiro m\u00eas de gest\u00e3o. Em sua explana\u00e7\u00e3o inicial, o presidente Evandro Massing o frisou a import\u00e2ncia do di\u00e1logo e uni\u00e3o entre os munic\u00edpios considerando ferramentas importantes para alcan\u00e7ar o avan\u00e7o das demandas da regi\u00e3o em esfera estadual e federal. \u201cEstamos todos aqui alinhados para trabalharmos de forma coesa. Nosso trabalho ser\u00e1 positivo e construtivo, a fim de colaborar para alcan\u00e7armos demandas hist\u00f3ricas da associa\u00e7\u00e3o e tornar a Amzop cada vez mais forte\u201d, declarou. &nbsp;<\/p>\n<p>Durante a reuni\u00e3o, Massing apresentou as a\u00e7\u00f5es e articula\u00e7\u00f5es que foram realizadas neste primeiro m\u00eas \u00e0 frente da entidade.<\/p>\n<p>Entre as articula\u00e7\u00f5es se destaca o encontro com o governador do Estado, Eduardo Leite para tratar da estiagem que atinge a regi\u00e3o. Al\u00e9m desta pauta foram mencionados a reuni\u00e3o com&nbsp;secret\u00e1rio adjunto do Daer, Gustavo Souza que tratou dos acessos asf\u00e1lticos e a reuni\u00e3o na Secretaria de Esporte para tratar da realiza\u00e7\u00e3o do Campeonato AMZOP\/SESC.<\/p>\n<p>Massing ainda destacou a import\u00e2ncia de descentralizar as reuni\u00f5es da entidade para eventos da regi\u00e3o. \u201cEstamos realizando nossa Assembleia durante a feira de Nonoai, a\u00e7\u00f5es como esta valorizam o trabalho das gest\u00f5es que realizam eventos importantes para a economia. Nosso pr\u00f3ximo encontro ser\u00e1 em Taquaru\u00e7u do Sul durante a Feira do Peixe no dia 31 de mar\u00e7o\u201d, afirmou o presidente.<\/p>\n<p>A reuni\u00e3o contou com a palestra do Dr. Gladimir Chielle da CDP que abordou o assunto referente a portaria 017\/2023 que estabelece novo piso do magist\u00e9rio e a necessidade de ajustar a Legisla\u00e7\u00e3o Municipal na realidade dos or\u00e7amentos dos munic\u00edpios.<\/p>","protected":false},"excerpt":{"rendered":"<p>A gest\u00e3o 2023\/2024, presidida pelo prefeito de Palmeira das Miss\u00f5es, Evandro Massing, realizou nesta quinta-feira (2\/3) a primeira Assembleia Geral de Prefeitos composta pelo novo Conselho de Administra\u00e7\u00e3o da Amzop&#8230;.<\/p>","protected":false},"author":2,"featured_media":57512,"comment_status":"open","ping_status":"closed","sticky":false,"template":"","format":"standard","meta":{"ngg_post_thumbnail":0,"footnotes":""},"categories":[28,33],"tags":[],"class_list":["post-57510","post","type-post","status-publish","format-standard","has-post-thumbnail","hentry","category-destaque","category-noticias"],"amp_enabled":true,"_links":{"self":[{"href":"https:\/\/www2.comunitaria.com.br\/en\/wp-json\/wp\/v2\/posts\/57510","targetHints":{"allow":["GET"]}}],"collection":[{"href":"https:\/\/www2.comunitaria.com.br\/en\/wp-json\/wp\/v2\/posts"}],"about":[{"href":"https:\/\/www2.comunitaria.com.br\/en\/wp-json\/wp\/v2\/types\/post"}],"author":[{"embeddable":true,"href":"https:\/\/www2.comunitaria.com.br\/en\/wp-json\/wp\/v2\/users\/2"}],"replies":[{"embeddable":true,"href":"https:\/\/www2.comunitaria.com.br\/en\/wp-json\/wp\/v2\/comments?post=57510"}],"version-history":[{"count":0,"href":"https:\/\/www2.comunitaria.com.br\/en\/wp-json\/wp\/v2\/posts\/57510\/revisions"}],"wp:featuredmedia":[{"embeddable":true,"href":"https:\/\/www2.comunitaria.com.br\/en\/wp-json\/wp\/v2\/media\/57512"}],"wp:attachment":[{"href":"https:\/\/www2.comunitaria.com.br\/en\/wp-json\/wp\/v2\/media?parent=57510"}],"wp:term":[{"taxonomy":"category","embeddable":true,"href":"https:\/\/www2.comunitaria.com.br\/en\/wp-json\/wp\/v2\/categories?post=57510"},{"taxonomy":"post_tag","embeddable":true,"href":"https:\/\/www2.comunitaria.com.br\/en\/wp-json\/wp\/v2\/tags?post=57510"}],"curies":[{"name":"wp","href":"https:\/\/api.w.org\/{rel}","templated":true}]}}