{"id":57268,"date":"2023-02-14T00:46:32","date_gmt":"2023-02-14T02:46:32","guid":{"rendered":"http:\/\/www2.comunitaria.com.br\/?p=57268"},"modified":"2023-02-14T00:59:01","modified_gmt":"2023-02-14T02:59:01","slug":"e-fake-que-a-suspensao-da-medida-do-piso-nacional-da-enfermagem-foi-feita-pelo-governo-lula","status":"publish","type":"post","link":"https:\/\/www2.comunitaria.com.br\/en\/e-fake-que-a-suspensao-da-medida-do-piso-nacional-da-enfermagem-foi-feita-pelo-governo-lula\/","title":{"rendered":"\u00c9 #FAKE que a suspens\u00e3o da medida do piso nacional da enfermagem foi feita pelo governo Lula"},"content":{"rendered":"<p><span style=\"font-weight: 400;\">Circula pelas redes sociais a informa\u00e7\u00e3o de que a suspens\u00e3o da medida do piso nacional da enfermagem foi feita pelo governo Lula.<em> Tome cuidado, essa not\u00edcia \u00e9 falsa!&nbsp;<\/em><\/span><\/p>\n<p><span style=\"font-weight: 400;\">Em meio a negocia\u00e7\u00f5es sobre como custear o piso nacional da enfermagem e a uma amea\u00e7a de greve da categoria para este m\u00eas, posts nas redes distorcem fatos e responsabilidades sobre o tema para atacar o governo de Luiz In\u00e1cio Lula da Silva (PT). Em v\u00eddeos, indiv\u00edduos que se dizem apoiadores do ex-presidente Jair Bolsonaro (PL) tratam a suspens\u00e3o da medida, determinada pelo STF (Supremo Tribunal Federal) no ano passado, como uma decis\u00e3o do governo petista.<\/span><\/p>\n<p>O piso de R$ 4.750,&nbsp;<a href=\"https:\/\/www12.senado.leg.br\/radio\/1\/noticia\/2022\/08\/04\/bolsonaro-sanciona-piso-salarial-de-r-4-7-mil-para-enfermeiros\" target=\"_blank\" rel=\"noopener\">sancionado por Bolsonaro em agosto de 2022<\/a>, ainda n\u00e3o est\u00e1 sendo pago aos enfermeiros. Mas o fato n\u00e3o tem qualquer rela\u00e7\u00e3o com a elei\u00e7\u00e3o de Lula, como sugerem as publica\u00e7\u00f5es. Em&nbsp;<a href=\"https:\/\/portal.stf.jus.br\/noticias\/verNoticiaDetalhe.asp?idConteudo=493506&amp;ori=1\" target=\"_blank\" rel=\"noopener\">setembro do ano passado<\/a>, o ministro do STF Lu\u00eds Roberto Barroso determinou a suspens\u00e3o da medida e deu prazo de 60 dias para que institui\u00e7\u00f5es de sa\u00fade avaliassem o impacto financeiro e uma eventual redu\u00e7\u00e3o na qualidade dos servi\u00e7os por conta dos pagamentos. A&nbsp;<a href=\"https:\/\/economia.uol.com.br\/noticias\/redacao\/2022\/09\/15\/stf-votacao-piso-enfermagem-plenario-virtual.htm\" target=\"_blank\" rel=\"noopener\">decis\u00e3o foi referendada pelo plen\u00e1rio<\/a>&nbsp;do tribunal.<\/p>\n<p>A <a href=\"http:\/\/www.in.gov.br\/en\/web\/dou\/-\/lei-n-14.434-de-4-de-agosto-de-2022-420535072\" target=\"_blank\" rel=\"noopener\">lei que instituiu o piso<\/a>&nbsp;foi uma iniciativa da oposi\u00e7\u00e3o, liderada pelo senador Fabiano Contarato (PT-ES). Aprovado pelo Congresso, o piso foi sancionado por Bolsonaro, mas teve sua corre\u00e7\u00e3o anual pela infla\u00e7\u00e3o&nbsp;<a href=\"https:\/\/www12.senado.leg.br\/noticias\/materias\/2022\/08\/05\/piso-salarial-para-enfermagem-e-sancionado-mas-bolsonaro-veta-indexacao\" target=\"_blank\" rel=\"noopener\">vetada pelo ent\u00e3o presidente<\/a>.<\/p>\n<p>Em dezembro, o&nbsp;<a href=\"https:\/\/legis.senado.leg.br\/sdleg-getter\/documento?dm=9226268&amp;ts=1675871076736&amp;disposition=inline\" target=\"_blank\" rel=\"noopener\">Congresso aprovou uma PEC<\/a>&nbsp;que direciona recursos do super\u00e1vit financeiro de fundos p\u00fablicos para custear o piso no setor p\u00fablico da \u00e1rea de sa\u00fade e em entidades com atendimento m\u00ednimo de at\u00e9 60% de pacientes do SUS (Sistema \u00danico de Sa\u00fade). A&nbsp;<a href=\"https:\/\/www.correiobraziliense.com.br\/economia\/2023\/01\/5070024-em-defesa-do-piso-enfermeiros-anunciam-paralisacao-nacional-em-fevereiro.html\" target=\"_blank\" rel=\"noopener\">proposta, no entanto, foi questionada<\/a>&nbsp;no STF pela CNSa\u00fade (Confedera\u00e7\u00e3o Nacional de Sa\u00fade), principal entidade que representa empresas do setor, por n\u00e3o atender empresas de sa\u00fade privadas, que supostamente n\u00e3o teriam recursos para arcar com os pagamentos.<\/p>\n<p>No dia 30 de janeiro, o&nbsp;<a href=\"https:\/\/www.instagram.com\/reel\/CoDRqDoJI0D\/?utm_source=ig_embed&amp;ig_rid=b66ab366-8775-498d-9081-1e8420957088\" target=\"_blank\" rel=\"noopener\">F\u00f3rum Nacional da Enfermagem convocou uma paralisa\u00e7\u00e3o<\/a> da categoria para o dia 14 de fevereiro para pressionar o governo a encontrar uma maneira de garantir o pagamento do piso. Caso o impasse n\u00e3o seja resolvido, representantes da categoria defendem uma greve a partir de 10 de mar\u00e7o.<\/p>\n<p>*Checagem feita pela <a href=\"https:\/\/www.aosfatos.org\/bipe\/bolsonaristas-mentem-piso-salarial-enfermagem-governo-lula\/\">Aos Fatos<\/a><\/p>","protected":false},"excerpt":{"rendered":"<p>Circula pelas redes sociais a informa\u00e7\u00e3o de que a suspens\u00e3o da medida do piso nacional da enfermagem foi feita pelo governo Lula. Tome cuidado, essa not\u00edcia \u00e9 falsa!&nbsp; Em meio&#8230;<\/p>","protected":false},"author":2,"featured_media":57270,"comment_status":"open","ping_status":"closed","sticky":false,"template":"","format":"standard","meta":{"ngg_post_thumbnail":0,"footnotes":""},"categories":[6173,6170,38,37],"tags":[],"class_list":["post-57268","post","type-post","status-publish","format-standard","has-post-thumbnail","hentry","category-eleicoes-2022","category-fato-ou-fake","category-politica","category-saude"],"amp_enabled":true,"_links":{"self":[{"href":"https:\/\/www2.comunitaria.com.br\/en\/wp-json\/wp\/v2\/posts\/57268","targetHints":{"allow":["GET"]}}],"collection":[{"href":"https:\/\/www2.comunitaria.com.br\/en\/wp-json\/wp\/v2\/posts"}],"about":[{"href":"https:\/\/www2.comunitaria.com.br\/en\/wp-json\/wp\/v2\/types\/post"}],"author":[{"embeddable":true,"href":"https:\/\/www2.comunitaria.com.br\/en\/wp-json\/wp\/v2\/users\/2"}],"replies":[{"embeddable":true,"href":"https:\/\/www2.comunitaria.com.br\/en\/wp-json\/wp\/v2\/comments?post=57268"}],"version-history":[{"count":0,"href":"https:\/\/www2.comunitaria.com.br\/en\/wp-json\/wp\/v2\/posts\/57268\/revisions"}],"wp:featuredmedia":[{"embeddable":true,"href":"https:\/\/www2.comunitaria.com.br\/en\/wp-json\/wp\/v2\/media\/57270"}],"wp:attachment":[{"href":"https:\/\/www2.comunitaria.com.br\/en\/wp-json\/wp\/v2\/media?parent=57268"}],"wp:term":[{"taxonomy":"category","embeddable":true,"href":"https:\/\/www2.comunitaria.com.br\/en\/wp-json\/wp\/v2\/categories?post=57268"},{"taxonomy":"post_tag","embeddable":true,"href":"https:\/\/www2.comunitaria.com.br\/en\/wp-json\/wp\/v2\/tags?post=57268"}],"curies":[{"name":"wp","href":"https:\/\/api.w.org\/{rel}","templated":true}]}}