{"id":57260,"date":"2023-02-13T16:16:15","date_gmt":"2023-02-13T18:16:15","guid":{"rendered":"http:\/\/www2.comunitaria.com.br\/?p=57260"},"modified":"2023-02-13T16:16:15","modified_gmt":"2023-02-13T18:16:15","slug":"cotrifred-realizara-assembleia-geral-ordinaria-2023","status":"publish","type":"post","link":"https:\/\/www2.comunitaria.com.br\/en\/cotrifred-realizara-assembleia-geral-ordinaria-2023\/","title":{"rendered":"Cotrifred realizar\u00e1 Assembleia Geral Ordin\u00e1ria 2023"},"content":{"rendered":"<p>No dia 04 de mar\u00e7o, a Cotrifred estar\u00e1 realizando a Assembleia Geral Ordin\u00e1ria 2023, o momento \u00e9 de suma import\u00e2ncia para a cooperativa, pois re\u00fane centenas de associados dos oito munic\u00edpios de atua\u00e7\u00e3o da Cotrifred, al\u00e9m de autoridades e parceiros.<br \/>\nA presen\u00e7a do associado \u00e9 essencial para determinar a\u00e7\u00f5es e investimentos para o pr\u00f3ximo ano. Al\u00e9m disso, a participa\u00e7\u00e3o ativa do quadro de associados \u00e9 fundamental para a constru\u00e7\u00e3o de uma Cotrifred mais forte, pr\u00f3spera e que visa o crescimento de seus associados e colaboradores.<br \/>\nA assembleia ter\u00e1 in\u00edcio \u00e0s 9h, no Sal\u00e3o Comunit\u00e1rio do Bairro Aparecida, Rua Maur\u00edcio Cardoso, no 338 &#8211; Frederico Westphalen. Ap\u00f3s, haver\u00e1 almo\u00e7o para os presentes.<br \/>\nOs convites est\u00e3o sendo distribu\u00eddos pelo Departamento T\u00e9cnico da Cotrifred e tamb\u00e9m podem ser retirados nas unidades da cooperativa.<\/p>","protected":false},"excerpt":{"rendered":"<p>No dia 04 de mar\u00e7o, a Cotrifred estar\u00e1 realizando a Assembleia Geral Ordin\u00e1ria 2023, o momento \u00e9 de suma import\u00e2ncia para a cooperativa, pois re\u00fane centenas de associados dos oito&#8230;<\/p>","protected":false},"author":2,"featured_media":57262,"comment_status":"open","ping_status":"closed","sticky":false,"template":"","format":"standard","meta":{"ngg_post_thumbnail":0,"footnotes":""},"categories":[33],"tags":[],"class_list":["post-57260","post","type-post","status-publish","format-standard","has-post-thumbnail","hentry","category-noticias"],"amp_enabled":true,"_links":{"self":[{"href":"https:\/\/www2.comunitaria.com.br\/en\/wp-json\/wp\/v2\/posts\/57260","targetHints":{"allow":["GET"]}}],"collection":[{"href":"https:\/\/www2.comunitaria.com.br\/en\/wp-json\/wp\/v2\/posts"}],"about":[{"href":"https:\/\/www2.comunitaria.com.br\/en\/wp-json\/wp\/v2\/types\/post"}],"author":[{"embeddable":true,"href":"https:\/\/www2.comunitaria.com.br\/en\/wp-json\/wp\/v2\/users\/2"}],"replies":[{"embeddable":true,"href":"https:\/\/www2.comunitaria.com.br\/en\/wp-json\/wp\/v2\/comments?post=57260"}],"version-history":[{"count":0,"href":"https:\/\/www2.comunitaria.com.br\/en\/wp-json\/wp\/v2\/posts\/57260\/revisions"}],"wp:featuredmedia":[{"embeddable":true,"href":"https:\/\/www2.comunitaria.com.br\/en\/wp-json\/wp\/v2\/media\/57262"}],"wp:attachment":[{"href":"https:\/\/www2.comunitaria.com.br\/en\/wp-json\/wp\/v2\/media?parent=57260"}],"wp:term":[{"taxonomy":"category","embeddable":true,"href":"https:\/\/www2.comunitaria.com.br\/en\/wp-json\/wp\/v2\/categories?post=57260"},{"taxonomy":"post_tag","embeddable":true,"href":"https:\/\/www2.comunitaria.com.br\/en\/wp-json\/wp\/v2\/tags?post=57260"}],"curies":[{"name":"wp","href":"https:\/\/api.w.org\/{rel}","templated":true}]}}