{"id":57236,"date":"2023-02-10T17:36:09","date_gmt":"2023-02-10T19:36:09","guid":{"rendered":"http:\/\/www2.comunitaria.com.br\/?p=57236"},"modified":"2023-02-10T17:36:09","modified_gmt":"2023-02-10T19:36:09","slug":"situacao-de-alerta-em-relacao-a-dengue-se-mantem-em-frederico-westphalen","status":"publish","type":"post","link":"https:\/\/www2.comunitaria.com.br\/en\/situacao-de-alerta-em-relacao-a-dengue-se-mantem-em-frederico-westphalen\/","title":{"rendered":"Situa\u00e7\u00e3o de alerta em rela\u00e7\u00e3o \u00e0 dengue se mant\u00e9m em Frederico Westphalen"},"content":{"rendered":"<p>Na \u00faltima sexta-feira, 3, foi divulgado o resultado do Levantamento de \u00cdndice R\u00e1pido de Infesta\u00e7\u00e3o (LIRAA), que mostrou a situa\u00e7\u00e3o atual do munic\u00edpio em rela\u00e7\u00e3o a criadouros do mosquito. O levantamento apontou alto risco de infesta\u00e7\u00e3o para o munic\u00edpio, bem como grande parte do estado, segundo dados da Secretaria da Sa\u00fade do Rio Grande do Sul.&nbsp;<\/p>\n<p>No \u00faltimo ano, Frederico Westphalen encerrou dezembro com um total de 192 casos confirmados de dengue. O n\u00famero elevado de casos deixou os agentes de endemia em situa\u00e7\u00e3o de alerta. Em 2023, ainda n\u00e3o h\u00e1 casos confirmados da doen\u00e7a, por\u00e9m, as a\u00e7\u00f5es de combate seguem ativas. A equipe de agentes de endemia realiza diversas a\u00e7\u00f5es de combate \u00e0 dengue, como visitas di\u00e1rias nas resid\u00eancias e terrenos do munic\u00edpio para fiscalizar se h\u00e1 focos de prolifera\u00e7\u00e3o do mosquito.<\/p>\n<p>A aplica\u00e7\u00e3o de fludora inseticida em pontos estrat\u00e9gicos da cidade tamb\u00e9m \u00e9 uma das iniciativas. Os pontos mais visados s\u00e3o: borracharias, cemit\u00e9rio, parque exposi\u00e7\u00f5es, entre outros. A aplica\u00e7\u00e3o do fludora \u00e9 realizada a cada tr\u00eas meses. Neste m\u00eas j\u00e1 aconteceu a aplica\u00e7\u00e3o do inseticida. A pr\u00f3xima aplica\u00e7\u00e3o ser\u00e1 feita em maio, seguindo o cronograma de execu\u00e7\u00e3o a cada tr\u00eas meses.<\/p>\n<p>Neste s\u00e1bado, 11, ser\u00e1 realizado um mutir\u00e3o de visitas \u00e0s resid\u00eancias do bairro Jardim Primavera, para inspe\u00e7\u00e3o dos poss\u00edveis pontos de prolifera\u00e7\u00e3o do mosquito da dengue. Outros mutir\u00f5es est\u00e3o programados para o decorrer do m\u00eas e seguem at\u00e9 o fim do m\u00eas de mar\u00e7o.<\/p>\n<p>Uma das a\u00e7\u00f5es j\u00e1 programadas no cronograma mensal, criado pela equipe de agentes de endemia para 2023, conta com palestras em grupos de sa\u00fade e terceira idade, tanto na cidade quanto interior.<\/p>\n<p>O Programa de Sa\u00fade na Escola (PSE)&nbsp; est\u00e1 no aguardo da volta do ano letivo para seguir suas atividades com os alunos, no combate ao Aedes aegypti.<\/p>\n<p>Outra a\u00e7\u00e3o adotada pela equipe end\u00eamica \u00e9 a panfletagem para conscientiza\u00e7\u00e3o sobre a import\u00e2ncia da participa\u00e7\u00e3o de toda a popula\u00e7\u00e3o na preven\u00e7\u00e3o, ao longo do ano.<\/p>\n<p>Todas a\u00e7\u00f5es realizadas tem o objetivo de prevenir a prolifera\u00e7\u00e3o do Aedes aegypti, conscientizar a popula\u00e7\u00e3o e reduzir o n\u00famero de infectados com a doen\u00e7a.<\/p>\n<p>Lidia Maria Pich Dalla Nora, coordenadora de endemias, salienta que o combate \u00e0 dengue vai al\u00e9m do trabalho realizado pelo agente de endemias. \u201cToda a popula\u00e7\u00e3o deve manter sua resid\u00eancia livre de poss\u00edveis criadouros no seu p\u00e1tio. \u00c9 de suma import\u00e2ncia, a participa\u00e7\u00e3o da popula\u00e7\u00e3o no combate ao mosquito, observando e eliminando eventuais focos, sendo imprescind\u00edvel esse comprometimento da nossa comunidade. A popula\u00e7\u00e3o n\u00e3o pode ficar de fora desta guerra contra o mosquito da dengue!\u201d, frisa L\u00eddia.&nbsp;<\/p>\n<p><strong>Como fazer para denunciar um terreno com poss\u00edvel foco de dengue?<\/strong><\/p>\n<p>As den\u00fancias podem ser feitas atrav\u00e9s do telefone: 3744-4911 ou 3744-3244, basta ligar e pedir para encaminhar a chamada para o setor da dengue.<\/p>","protected":false},"excerpt":{"rendered":"<p>Na \u00faltima sexta-feira, 3, foi divulgado o resultado do Levantamento de \u00cdndice R\u00e1pido de Infesta\u00e7\u00e3o (LIRAA), que mostrou a situa\u00e7\u00e3o atual do munic\u00edpio em rela\u00e7\u00e3o a criadouros do mosquito. O&#8230;<\/p>","protected":false},"author":2,"featured_media":57238,"comment_status":"open","ping_status":"closed","sticky":false,"template":"","format":"standard","meta":{"ngg_post_thumbnail":0,"footnotes":""},"categories":[33],"tags":[],"class_list":["post-57236","post","type-post","status-publish","format-standard","has-post-thumbnail","hentry","category-noticias"],"amp_enabled":true,"_links":{"self":[{"href":"https:\/\/www2.comunitaria.com.br\/en\/wp-json\/wp\/v2\/posts\/57236","targetHints":{"allow":["GET"]}}],"collection":[{"href":"https:\/\/www2.comunitaria.com.br\/en\/wp-json\/wp\/v2\/posts"}],"about":[{"href":"https:\/\/www2.comunitaria.com.br\/en\/wp-json\/wp\/v2\/types\/post"}],"author":[{"embeddable":true,"href":"https:\/\/www2.comunitaria.com.br\/en\/wp-json\/wp\/v2\/users\/2"}],"replies":[{"embeddable":true,"href":"https:\/\/www2.comunitaria.com.br\/en\/wp-json\/wp\/v2\/comments?post=57236"}],"version-history":[{"count":0,"href":"https:\/\/www2.comunitaria.com.br\/en\/wp-json\/wp\/v2\/posts\/57236\/revisions"}],"wp:featuredmedia":[{"embeddable":true,"href":"https:\/\/www2.comunitaria.com.br\/en\/wp-json\/wp\/v2\/media\/57238"}],"wp:attachment":[{"href":"https:\/\/www2.comunitaria.com.br\/en\/wp-json\/wp\/v2\/media?parent=57236"}],"wp:term":[{"taxonomy":"category","embeddable":true,"href":"https:\/\/www2.comunitaria.com.br\/en\/wp-json\/wp\/v2\/categories?post=57236"},{"taxonomy":"post_tag","embeddable":true,"href":"https:\/\/www2.comunitaria.com.br\/en\/wp-json\/wp\/v2\/tags?post=57236"}],"curies":[{"name":"wp","href":"https:\/\/api.w.org\/{rel}","templated":true}]}}