{"id":57187,"date":"2023-02-08T16:25:52","date_gmt":"2023-02-08T18:25:52","guid":{"rendered":"http:\/\/www2.comunitaria.com.br\/?p=57187"},"modified":"2023-02-08T16:25:52","modified_gmt":"2023-02-08T18:25:52","slug":"espetaculo-teatral-ativaidade-sera-realizado-em-frederico-westphalen","status":"publish","type":"post","link":"https:\/\/www2.comunitaria.com.br\/en\/espetaculo-teatral-ativaidade-sera-realizado-em-frederico-westphalen\/","title":{"rendered":"Espet\u00e1culo teatral \u201cAtivaIdade\u201d ser\u00e1 realizado em Frederico Westphalen"},"content":{"rendered":"<p>Com o tema \u201cMaturidade Ativa\u201d, ser\u00e1 realizado no dia 28 de fevereiro, \u00e0s 14 horas, no Clube Harmonia, em Frederico Westphalen, o espet\u00e1culo teatral \u201cAtivaIdade\u201d. O evento \u00e9 uma organiza\u00e7\u00e3o do Grupo Maturidade Ativa, do Sesc, e \u00e9 voltado a todos os grupos de idosos do munic\u00edpio, bem como a comunidade em geral.<\/p>\n<p>Na manh\u00e3 desta ter\u00e7a-feira, 7, a integrante do Grupo do Sesc, Amalia Inez FelinLavarda, esteve na C\u00e2mara de Vereadores para divulgar o evento e convidar toda a comunidade para participar e apoiar o espet\u00e1culo. Na oportunidade, ela foi recepcionada pela diretora da Casa Legislativa, Adriana Milani, e deixou um cartaz do evento para ser exposto na &#8220;Vitrine da C\u00e2mara&#8221;.&nbsp;De acordo com Amalia, a entrada ter\u00e1 um valor de R$ 10. Al\u00e9m dos ingressos, que est\u00e3o sendo comercializados no Sesc e com os integrantes,a popula\u00e7\u00e3o tamb\u00e9m poder\u00e1 contribuir, com qualquer valor, para ajudar nas despesas com os artistas.<\/p>\n<p>&nbsp;<\/p>\n<p><strong>O que \u00e9 o \u201cAtivaIdade\u201d?<\/strong><\/p>\n<p>\u00c9 um espet\u00e1culo teatral da Quatro Evento Produtora e realiza\u00e7\u00e3o da CIA Cultura nas Estradas.Direcionado ao p\u00fablico da terceira idade, o \u201cAtivaIdade\u201d tem como objetivo deixar uma mensagem de motiva\u00e7\u00e3o, perigos do sedentarismo e a import\u00e2ncia da autoestima.<\/p>\n<p><strong>Sinopse<\/strong><\/p>\n<p>Gessi \u00e9 uma senhora de 75 anos, muito ativa, faz da vida uma festa di\u00e1ria. Frequenta academia, faz dan\u00e7a e pratica ciclismo. Mas Gessi tem um amigo chamado Janu\u00e1rio, um senhor de 72 anos que n\u00e3o pratica nenhuma atividade f\u00edsica, acha que a vida ap\u00f3s a aposentadoria se resume em assistir televis\u00e3o. Gessi inconformada com a situa\u00e7\u00e3o do amigo resolve fazer algo, passa a arrastar Janu\u00e1rio para suas atividades. Ap\u00f3s muitas frustra\u00e7\u00f5es, Gessi descobre algo que Janu\u00e1rio realmente ama, a m\u00fasica, e a\u00ed descobrem juntos uma atividade que vai unir ainda mais estes dois &#8220;velhos&#8221; amigos.<\/p>","protected":false},"excerpt":{"rendered":"<p>Com o tema \u201cMaturidade Ativa\u201d, ser\u00e1 realizado no dia 28 de fevereiro, \u00e0s 14 horas, no Clube Harmonia, em Frederico Westphalen, o espet\u00e1culo teatral \u201cAtivaIdade\u201d. O evento \u00e9 uma organiza\u00e7\u00e3o do Grupo Maturidade Ativa, do Sesc, e \u00e9 voltado a todos os grupos de idosos do munic\u00edpio, bem como a comunidade em geral. Na manh\u00e3<\/p>\n<div class=\"read-more-wrapper\"><a class=\"read-more\" href=\"https:\/\/www2.comunitaria.com.br\/en\/espetaculo-teatral-ativaidade-sera-realizado-em-frederico-westphalen\/\" title=\"Read More\"> <span class=\"button\">Read More<\/span><\/a><\/div>","protected":false},"author":2,"featured_media":57189,"comment_status":"open","ping_status":"closed","sticky":false,"template":"","format":"standard","meta":{"ngg_post_thumbnail":0,"footnotes":""},"categories":[28,33],"tags":[],"class_list":["post-57187","post","type-post","status-publish","format-standard","has-post-thumbnail","hentry","category-destaque","category-noticias"],"amp_enabled":true,"_links":{"self":[{"href":"https:\/\/www2.comunitaria.com.br\/en\/wp-json\/wp\/v2\/posts\/57187","targetHints":{"allow":["GET"]}}],"collection":[{"href":"https:\/\/www2.comunitaria.com.br\/en\/wp-json\/wp\/v2\/posts"}],"about":[{"href":"https:\/\/www2.comunitaria.com.br\/en\/wp-json\/wp\/v2\/types\/post"}],"author":[{"embeddable":true,"href":"https:\/\/www2.comunitaria.com.br\/en\/wp-json\/wp\/v2\/users\/2"}],"replies":[{"embeddable":true,"href":"https:\/\/www2.comunitaria.com.br\/en\/wp-json\/wp\/v2\/comments?post=57187"}],"version-history":[{"count":0,"href":"https:\/\/www2.comunitaria.com.br\/en\/wp-json\/wp\/v2\/posts\/57187\/revisions"}],"wp:featuredmedia":[{"embeddable":true,"href":"https:\/\/www2.comunitaria.com.br\/en\/wp-json\/wp\/v2\/media\/57189"}],"wp:attachment":[{"href":"https:\/\/www2.comunitaria.com.br\/en\/wp-json\/wp\/v2\/media?parent=57187"}],"wp:term":[{"taxonomy":"category","embeddable":true,"href":"https:\/\/www2.comunitaria.com.br\/en\/wp-json\/wp\/v2\/categories?post=57187"},{"taxonomy":"post_tag","embeddable":true,"href":"https:\/\/www2.comunitaria.com.br\/en\/wp-json\/wp\/v2\/tags?post=57187"}],"curies":[{"name":"wp","href":"https:\/\/api.w.org\/{rel}","templated":true}]}}