{"id":5718,"date":"2015-07-30T09:21:43","date_gmt":"2015-07-30T11:21:43","guid":{"rendered":"http:\/\/www2.comunitaria.com.br\/?p=5718"},"modified":"2015-07-30T09:21:43","modified_gmt":"2015-07-30T11:21:43","slug":"assinado-aditivo-de-r-35-milhoes-para-o-orcamento-do-hospital-publico-regional-hpr","status":"publish","type":"post","link":"https:\/\/www2.comunitaria.com.br\/en\/assinado-aditivo-de-r-35-milhoes-para-o-orcamento-do-hospital-publico-regional-hpr\/","title":{"rendered":"Assinado aditivo de R$ 35 milh\u00f5es para o or\u00e7amento do Hospital P\u00fablico Regional (HPR)"},"content":{"rendered":"<p style=\"text-align: justify;\">Uma das conquistas mais relevantes de Palmeira das Miss\u00f5es e regi\u00e3o teve mais uma etapa vencida na tarde desta quarta-feira (29) com a assinatura do termo aditivo ao or\u00e7amento do Hospital P\u00fablico Regional (HPR) no valor de R$ 35 milh\u00f5es. O documento complementa a totalidade dos recursos necess\u00e1rios para a constru\u00e7\u00e3o do hospital, somando aproximadamente R$ 165 milh\u00f5es.<\/p>\n<p style=\"text-align: justify;\">Como observou o prefeito Eduardo Russomano Freire, este \u00e9 um passo muito importante, principalmente pelo per\u00edodo de crise que os governos est\u00e3o enfrentando, em todas as inst\u00e2ncias. \u201cPor isso, o esfor\u00e7o teve que ser redobrado na busca por estes recursos que garantir\u00e3o a efetiva contrata\u00e7\u00e3o do grupo de empresas vencedoras do processo licitat\u00f3rio\u201d, salientou ele, acrescentando que somando o investimento em equipamentos o projeto do HPR poder\u00e1 atingir R$ 300 milh\u00f5es.<\/p>\n<p style=\"text-align: justify;\">O prefeito tamb\u00e9m lembrou as diversas etapas j\u00e1 vencidas, como a assinatura de um termo aditivo em maio de 2014, no valor de R$ 87 milh\u00f5es e o adequamento do or\u00e7amento e sua posterior aprova\u00e7\u00e3o em tempo recorde pela equipe t\u00e9cnica da regional da Caixa Econ\u00f4mica Federal (CEF) em Passo Fundo. Contudo, ainda existem alguns passos a serem dados, como a aprova\u00e7\u00e3o da licen\u00e7a ambiental pela Fepam. Quanto a isso, Eduardo afirmou que o projeto do HPR est\u00e1 sendo analisado de maneira diferenciada pelo \u00f3rg\u00e3o ambiental por se tratar da qualifica\u00e7\u00e3o da sa\u00fade p\u00fablica. Nesta ter\u00e7a-feira a equipe do Gabinete de Projetos esteve na Fepam para agilizar o processo.<\/p>\n<p style=\"text-align: justify;\">Referente ao in\u00edcio das obras, o prefeito Eduardo considerou que h\u00e1 oito anos o projeto do HPR vem sendo trabalhado. \u201cDesta forma, esperamos que antes do fim deste ano possamos iniciar as obras deste empreendimento, que sem d\u00favida \u00e9 a conquista mais importante na hist\u00f3ria de Palmeira das Miss\u00f5es e regi\u00e3o, sendo um dos maiores investimentos em sa\u00fade p\u00fablica do estado\u201d, esclareceu ele, argumentando que Palmeira das Miss\u00f5es conta com pessoas que batalham pelo seu progresso, independente de diferen\u00e7as pol\u00edticas.<\/p>\n<p style=\"text-align: justify;\">O ato foi acompanhado por autoridades, secret\u00e1rios, funcion\u00e1rios, lideran\u00e7as, presidentes de entidades e imprensa local.<\/p>\n<p><a href=\"http:\/\/www2.comunitaria.com.br\/wp-content\/uploads\/2015\/07\/PRI_4265-site.jpg\"><img loading=\"lazy\" decoding=\"async\" class=\"aligncenter wp-image-5719 size-full\" src=\"http:\/\/www2.comunitaria.com.br\/wp-content\/uploads\/2015\/07\/PRI_4265-site.jpg\" alt=\"????????????????????????????????????\" width=\"507\" height=\"340\" srcset=\"https:\/\/www2.comunitaria.com.br\/wp-content\/uploads\/2015\/07\/PRI_4265-site.jpg 507w, https:\/\/www2.comunitaria.com.br\/wp-content\/uploads\/2015\/07\/PRI_4265-site-300x201.jpg 300w\" sizes=\"auto, (max-width: 507px) 100vw, 507px\" \/><\/a><\/p>\n<p style=\"text-align: justify;\"><strong>Assessoria de Imprensa da Prefeitura Municipal de Frederico Westphalen<\/strong><\/p>","protected":false},"excerpt":{"rendered":"<p>Uma das conquistas mais relevantes de Palmeira das Miss\u00f5es e regi\u00e3o teve mais uma etapa vencida na tarde desta quarta-feira (29) com a assinatura do termo aditivo ao or\u00e7amento do Hospital P\u00fablico Regional (HPR) no valor de R$ 35 milh\u00f5es. O documento complementa a totalidade dos recursos necess\u00e1rios para a constru\u00e7\u00e3o do hospital, somando aproximadamente<\/p>\n<div class=\"read-more-wrapper\"><a class=\"read-more\" href=\"https:\/\/www2.comunitaria.com.br\/en\/assinado-aditivo-de-r-35-milhoes-para-o-orcamento-do-hospital-publico-regional-hpr\/\" title=\"Read More\"> <span class=\"button\">Read More<\/span><\/a><\/div>","protected":false},"author":2,"featured_media":5720,"comment_status":"open","ping_status":"closed","sticky":false,"template":"","format":"standard","meta":{"ngg_post_thumbnail":0,"footnotes":""},"categories":[33,43,37],"tags":[415,202,86,175],"class_list":["post-5718","post","type-post","status-publish","format-standard","has-post-thumbnail","hentry","category-noticias","category-regiao","category-saude","tag-hpr","tag-palmeira-das-missoes","tag-regiao-2","tag-saude-2"],"amp_enabled":true,"_links":{"self":[{"href":"https:\/\/www2.comunitaria.com.br\/en\/wp-json\/wp\/v2\/posts\/5718","targetHints":{"allow":["GET"]}}],"collection":[{"href":"https:\/\/www2.comunitaria.com.br\/en\/wp-json\/wp\/v2\/posts"}],"about":[{"href":"https:\/\/www2.comunitaria.com.br\/en\/wp-json\/wp\/v2\/types\/post"}],"author":[{"embeddable":true,"href":"https:\/\/www2.comunitaria.com.br\/en\/wp-json\/wp\/v2\/users\/2"}],"replies":[{"embeddable":true,"href":"https:\/\/www2.comunitaria.com.br\/en\/wp-json\/wp\/v2\/comments?post=5718"}],"version-history":[{"count":0,"href":"https:\/\/www2.comunitaria.com.br\/en\/wp-json\/wp\/v2\/posts\/5718\/revisions"}],"wp:featuredmedia":[{"embeddable":true,"href":"https:\/\/www2.comunitaria.com.br\/en\/wp-json\/wp\/v2\/media\/5720"}],"wp:attachment":[{"href":"https:\/\/www2.comunitaria.com.br\/en\/wp-json\/wp\/v2\/media?parent=5718"}],"wp:term":[{"taxonomy":"category","embeddable":true,"href":"https:\/\/www2.comunitaria.com.br\/en\/wp-json\/wp\/v2\/categories?post=5718"},{"taxonomy":"post_tag","embeddable":true,"href":"https:\/\/www2.comunitaria.com.br\/en\/wp-json\/wp\/v2\/tags?post=5718"}],"curies":[{"name":"wp","href":"https:\/\/api.w.org\/{rel}","templated":true}]}}