{"id":57138,"date":"2023-02-03T10:34:53","date_gmt":"2023-02-03T12:34:53","guid":{"rendered":"http:\/\/www2.comunitaria.com.br\/?p=57138"},"modified":"2023-02-03T10:34:53","modified_gmt":"2023-02-03T12:34:53","slug":"e-fake-que-incendio-de-onibus-escolares-tem-relacao-com-o-atual-ministro-da-justica-e-seguranca-publica","status":"publish","type":"post","link":"https:\/\/www2.comunitaria.com.br\/en\/e-fake-que-incendio-de-onibus-escolares-tem-relacao-com-o-atual-ministro-da-justica-e-seguranca-publica\/","title":{"rendered":"\u00c9 #FAKE que inc\u00eandio de \u00f4nibus escolares tem rela\u00e7\u00e3o com o atual ministro da Justi\u00e7a e Seguran\u00e7a P\u00fablica"},"content":{"rendered":"<p><span style=\"font-weight: 400;\">Circula pelas redes sociais a informa\u00e7\u00e3o de que o inc\u00eandio de \u00f4nibus escolares tem rela\u00e7\u00e3o com o atual ministro da Justi\u00e7a e Seguran\u00e7a P\u00fablica. <em>Tome cuidado, essa not\u00edcia \u00e9 falsa!&nbsp;<\/em><\/span><\/p>\n<p><span style=\"font-weight: 400;\">\u00c9 divulgado um v\u00eddeo que exibe \u00f4nibus escolares em chamas, com uma legenda que diz que seriam ve\u00edculos adquiridos pelo ex-presidente Jair Bolsonaro (PL) e que n\u00e3o teriam sido entregues pelo ex-governador do Maranh\u00e3o, Fl\u00e1vio Dino (PSB), atual ministro da Justi\u00e7a e Seguran\u00e7a P\u00fablica no governo de Luiz In\u00e1cio Lula da Silva (PT). O fogo teria sido provocado pela \u201cesquerda\u201d ap\u00f3s o vazamento do caso.&nbsp;<\/span><\/p>\n<p><span style=\"font-weight: 400;\">No entanto, o inc\u00eandio foi registrado no dia <a href=\"https:\/\/g1.globo.com\/sp\/sao-paulo\/noticia\/2022\/12\/23\/incendio-criminoso-atinge-9-micro-onibus-escolares-em-franco-da-rocha-na-grande-sp.ghtml\">22 de dezembro<\/a> na cidade de Franco da Rocha, regi\u00e3o metropolitana de S\u00e3o Paulo (SP). N\u00e3o h\u00e1 rela\u00e7\u00e3o com Dino, que governou o Maranh\u00e3o de <a href=\"https:\/\/www12.senado.leg.br\/noticias\/materias\/2022\/10\/02\/maranhao-elege-ex-governador-flavio-dino-para-o-senado#:~:text=Natural%20de%20S%C3%A3o%20Lu%C3%ADs%2C%20Fl%C3%A1vio%20Dino%20de%20Castro%20e%20Costa%20tem%2054%20anos%20e%20governou%20o%20Maranh%C3%A3o%20por%20dois%20mandatos%20consecutivos%2C%20de%202015%20a%202022.%20Licenciou%2Dse%20do%20cargo%20em%20abril%20deste%20ano%20para%20concorrer%20pela%20primeira%20vez%20ao%20Senado.%20De%C2%A02007%20a%202011%2C%20foi%C2%A0deputado%20federal.\">janeiro de 2015 at\u00e9 abril de 2022,<\/a> quando deixou o cargo para <a href=\"https:\/\/g1.globo.com\/ma\/maranhao\/eleicoes\/noticia\/2022\/04\/01\/dino-oficializa-saida-do-governo-do-maranhao-para-ser-pre-candidato-ao-senado.ghtml\">concorrer ao Senado<\/a>.<\/span><\/p>\n<p><span style=\"font-weight: 400;\">Tamb\u00e9m n\u00e3o \u00e9 verdade que os ve\u00edculos foram adquiridos por Bolsonaro. <\/span><span style=\"font-weight: 400;\">Em nota <a href=\"https:\/\/a.storyblok.com\/f\/134103\/974x383\/2171a21adf\/respota-prefeitura-de-franco-da-rocha.png\">encaminhada \u00e0 Lupa<\/a><\/span><span style=\"font-weight: 400;\">, a Prefeitura de Franco da Rocha informou que o inc\u00eandio atingiu micro-\u00f4nibus comprados com recursos pr\u00f3prios ou emendas parlamentares, al\u00e9m de doa\u00e7\u00f5es do governo estadual.<\/span><\/p>\n<p><span style=\"font-weight: 400;\">As chamas atingiram nove micro-\u00f4nibus escolares que estavam estacionados em um centro de viv\u00eancia da Secretaria de Educa\u00e7\u00e3o do munic\u00edpio. Segundo informa\u00e7\u00f5es publicadas pelo portal G1, apenas um dos nove ve\u00edculos foi salvo. A Secretaria de Seguran\u00e7a P\u00fablica de S\u00e3o Paulo informou, <a href=\"https:\/\/a.storyblok.com\/f\/134103\/963x378\/0ad528be96\/retorno-ssp-sao-paulo.png\">em nota<\/a>, que a Delegacia de Pol\u00edcia Civil de Franco da Rocha instaurou um inqu\u00e9rito policial para apurar as causas do inc\u00eandio.&nbsp;<\/span><\/p>\n<p><span style=\"font-weight: 400;\">\u201cA equipe da unidade analisa imagens para identificar os suspeitos. Os laudos solicitados ao Instituto de Criminal\u00edstica (IC) est\u00e3o em elabora\u00e7\u00e3o para auxiliar no esclarecimento de todas circunst\u00e2ncias dos fatos e confirmar se foi um ato criminoso. Os seguran\u00e7as j\u00e1 foram intimados para prestar depoimento nos pr\u00f3ximos dias\u201d, disse o \u00f3rg\u00e3o.<\/span><\/p>\n<p>*Checagem feita pela<a href=\"https:\/\/lupa.uol.com.br\/jornalismo\/2023\/02\/01\/onibus-escolares-flavio-dino\"> Lupa<\/a><\/p>","protected":false},"excerpt":{"rendered":"<p>Circula pelas redes sociais a informa\u00e7\u00e3o de que o inc\u00eandio de \u00f4nibus escolares tem rela\u00e7\u00e3o com o atual ministro da Justi\u00e7a e Seguran\u00e7a P\u00fablica. Tome cuidado, essa not\u00edcia \u00e9 falsa!&nbsp; \u00c9 divulgado um v\u00eddeo que exibe \u00f4nibus escolares em chamas, com uma legenda que diz que seriam ve\u00edculos adquiridos pelo ex-presidente Jair Bolsonaro (PL) e<\/p>\n<div class=\"read-more-wrapper\"><a class=\"read-more\" href=\"https:\/\/www2.comunitaria.com.br\/en\/e-fake-que-incendio-de-onibus-escolares-tem-relacao-com-o-atual-ministro-da-justica-e-seguranca-publica\/\" title=\"Read More\"> <span class=\"button\">Read More<\/span><\/a><\/div>","protected":false},"author":2,"featured_media":57140,"comment_status":"open","ping_status":"closed","sticky":false,"template":"","format":"standard","meta":{"ngg_post_thumbnail":0,"footnotes":""},"categories":[47,6173,36],"tags":[],"class_list":["post-57138","post","type-post","status-publish","format-standard","has-post-thumbnail","hentry","category-brasil","category-eleicoes-2022","category-policia"],"amp_enabled":true,"_links":{"self":[{"href":"https:\/\/www2.comunitaria.com.br\/en\/wp-json\/wp\/v2\/posts\/57138","targetHints":{"allow":["GET"]}}],"collection":[{"href":"https:\/\/www2.comunitaria.com.br\/en\/wp-json\/wp\/v2\/posts"}],"about":[{"href":"https:\/\/www2.comunitaria.com.br\/en\/wp-json\/wp\/v2\/types\/post"}],"author":[{"embeddable":true,"href":"https:\/\/www2.comunitaria.com.br\/en\/wp-json\/wp\/v2\/users\/2"}],"replies":[{"embeddable":true,"href":"https:\/\/www2.comunitaria.com.br\/en\/wp-json\/wp\/v2\/comments?post=57138"}],"version-history":[{"count":0,"href":"https:\/\/www2.comunitaria.com.br\/en\/wp-json\/wp\/v2\/posts\/57138\/revisions"}],"wp:featuredmedia":[{"embeddable":true,"href":"https:\/\/www2.comunitaria.com.br\/en\/wp-json\/wp\/v2\/media\/57140"}],"wp:attachment":[{"href":"https:\/\/www2.comunitaria.com.br\/en\/wp-json\/wp\/v2\/media?parent=57138"}],"wp:term":[{"taxonomy":"category","embeddable":true,"href":"https:\/\/www2.comunitaria.com.br\/en\/wp-json\/wp\/v2\/categories?post=57138"},{"taxonomy":"post_tag","embeddable":true,"href":"https:\/\/www2.comunitaria.com.br\/en\/wp-json\/wp\/v2\/tags?post=57138"}],"curies":[{"name":"wp","href":"https:\/\/api.w.org\/{rel}","templated":true}]}}