{"id":56912,"date":"2023-01-19T16:56:01","date_gmt":"2023-01-19T18:56:01","guid":{"rendered":"http:\/\/www2.comunitaria.com.br\/?p=56912"},"modified":"2023-01-19T16:56:01","modified_gmt":"2023-01-19T18:56:01","slug":"novas-perspectivas-para-a-educacao-superior-no-pais-sao-tema-de-reuniao-com-presidente-da-republica","status":"publish","type":"post","link":"https:\/\/www2.comunitaria.com.br\/en\/novas-perspectivas-para-a-educacao-superior-no-pais-sao-tema-de-reuniao-com-presidente-da-republica\/","title":{"rendered":"Novas perspectivas para a educa\u00e7\u00e3o superior no pa\u00eds s\u00e3o tema de reuni\u00e3o com Presidente da Rep\u00fablica"},"content":{"rendered":"<p>O reitor da UFSM, Luciano Schuch, participou na manh\u00e3 desta quinta-feira, 19, de uma reuni\u00e3o com o Presidente da Rep\u00fablica, Luiz In\u00e1cio Lula da Silva, juntamente com reitores e reitoras das Universidades e Institutos Federais brasileiros.&nbsp;<\/p>\n<p>O presidente Lula iniciou afirmando que este seria o encontro da civiliza\u00e7\u00e3o. Deu sinais de que este formato de reuni\u00e3o ser\u00e1 realizado todos os anos para ouvir as demandas, debater as reivindica\u00e7\u00f5es para o longo do ano seguinte e retornar, no pr\u00f3ximo, com os resultados alcan\u00e7ados e novas pautas para o futuro. \u201cN\u00e3o existe na hist\u00f3ria da humanidade nenhum pa\u00eds que conseguiu se desenvolver sem que antes tivesse conseguido resolver o problema da forma\u00e7\u00e3o de seu povo. Estamos iniciando um novo momento. Estamos saindo das trevas para voltar \u00e0 luminosidade de um novo tempo\u201d, comentou Luiz In\u00e1cio Lula da Silva.&nbsp;<\/p>\n<p>Ap\u00f3s a sauda\u00e7\u00e3o inicial do presidente, o espa\u00e7o foi aberto para os gestores das institui\u00e7\u00f5es. O primeiro a se manifestar em nome de todos foi o presidente da&nbsp;Associa\u00e7\u00e3o Nacional dos Dirigentes das Institui\u00e7\u00f5es Federais de Ensino Superior (ANDIFES),&nbsp;&nbsp;Ricardo Marcelo Fonseca, reitor da UFPR. Ricardo comentou sobre a alegria de ver reunidos reitores e reitoras, logo no primeiro m\u00eas de gest\u00e3o, para um encontro hist\u00f3rico no Pal\u00e1cio do Planalto.&nbsp;\u201cAs universidades foram maltratadas, foram esganadas or\u00e7amentariamente, foram alvo e alijadas do seu papel natural, que \u00e9 estar a servi\u00e7o do Brasil. O conjunto das universidades quer apresentar a este governo a sua firme disposi\u00e7\u00e3o de estarem a servi\u00e7o do Brasil. N\u00e3o s\u00f3 na produ\u00e7\u00e3o da ci\u00eancia e da tecnologia, n\u00e3o s\u00f3 na fun\u00e7\u00e3o de resist\u00eancia que exercemos nesse per\u00edodo obscuro que nos antecedeu, n\u00e3o s\u00f3 como defesa da democracia que temos sido. Mas queremos nos colocar a servi\u00e7o dos projetos estrat\u00e9gicos do Brasil. Seja na \u00e1rea do meio ambiente, da energia limpa, da reindustrializa\u00e7\u00e3o, seja em todos os n\u00edveis da educa\u00e7\u00e3o. Para isso, precisamos de condi\u00e7\u00f5es e meios para desenvolver a nossa pr\u00f3pria fun\u00e7\u00e3o natural, meios or\u00e7ament\u00e1rios dignos e adequados. Somos um patrim\u00f4nio do povo brasileiro\u201d, relata o presidente da ANDIFES.&nbsp;<\/p>\n<p>O Ministro da Educa\u00e7\u00e3o, Camilo Santana, homenageou professores e estudantes brasileiros, que atuam pela educa\u00e7\u00e3o de qualidade em nosso pa\u00eds. Disse ser este um governo de di\u00e1logo e que traz o tema da educa\u00e7\u00e3o para o centro do debate. \u201cO MEC estar\u00e1 de portas abertas para o di\u00e1logo, a uni\u00e3o e a reconstru\u00e7\u00e3o da educa\u00e7\u00e3o brasileira. S\u00e3o in\u00fameros os desafios, mas compreendemos que nenhuma na\u00e7\u00e3o cresce e se desenvolve sem investir em educa\u00e7\u00e3o e ci\u00eancia e tecnologia. Isso garante a soberania do pa\u00eds\u201d, destaca Camilo.&nbsp;<\/p>\n<p>Entre os desafios, trouxe a amplia\u00e7\u00e3o e a oferta de vagas, bem como alternativas para evitar os altos \u00edndices de evas\u00e3o. Prometeu a retomada de investimentos no PROUNI,&nbsp; FIES, bem como investimentos no fortalecimento da autonomia das universidades, a fim de garantir a evolu\u00e7\u00e3o da educa\u00e7\u00e3o no pa\u00eds. Tamb\u00e9m citou a necessidade de aprova\u00e7\u00e3o de um novo Plano Nacional da Educa\u00e7\u00e3o, j\u00e1 que o atual vence em 2024, a cria\u00e7\u00e3o do Sistema Nacional da Educa\u00e7\u00e3o, para olhar a educa\u00e7\u00e3o numa vis\u00e3o sist\u00eamica. E, nesse contexto, convocou as universidades para olhar tamb\u00e9m para a educa\u00e7\u00e3o b\u00e1sica do pa\u00eds. Se comprometeu com o fortalecimento e o respeito \u00e0 autonomia das universidades, com a retomada de obras paralisadas e com o reajuste de Bolsas Capes e CNPQ.&nbsp;<\/p>\n<p>Em sua fala final, Lula pediu apoio das Universidades para pensar o futuro do pa\u00eds. \u201cQue a universidade n\u00e3o esteja preocupada s\u00f3 com os problemas em sala de aula, mas tamb\u00e9m com os problemas da sociedade. O que a gente vai fazer pra colocar o povo brasileiro no mercado de trabalho?\u201d, salienta Lula. Ele pede apoio para que a Universidade trate sobre temas amplos, como o meio ambiente, a quest\u00e3o do racismo e o mercado de trabalho.&nbsp;<\/p>\n<p><strong>Avalia\u00e7\u00e3o do encontro<\/strong><\/p>\n<p>Ap\u00f3s a reuni\u00e3o, Luciano Schuch destacou a alegria em participar do encontro e classificou o momento como muito positivo. Em seus 4 anos como vice-reitor e um ano como reitor, ainda n\u00e3o tinha presenciado este momento. \u201cO evento de hoje marca a retomada do respeito e do reconhecimento pela educa\u00e7\u00e3o em nosso pa\u00eds. S\u00f3 de sermos recebidos aqui e sermos ouvidos, j\u00e1 \u00e9 um avan\u00e7o enorme. Nossa percep\u00e7\u00e3o \u00e9 de que seremos parceiros e teremos neste governo um papel de protagonista da mudan\u00e7a nacional. Isso n\u00e3o nos exime do papel de seguir na luta pela retomada do investimento em nossas universidades, compromisso assumido assim que tomamos posse\u201d, destaca.<\/p>\n<p>A reuni\u00e3o aconteceu no Pal\u00e1cio do Planalto e estiveram presentes o Ministro da Educa\u00e7\u00e3o, Camilo Santana, a Ministra da Ci\u00eancia, Tecnologia e Inova\u00e7\u00e3o, Luciana Santos, o&nbsp;<i>Ministro de Estado Chefe da Secretaria-Geral da Presid\u00eancia da Rep\u00fablica,&nbsp;<\/i>M\u00e1rcio Costa Mac\u00eado,&nbsp;<i>e&nbsp;<\/i>o Ministro Chefe da Casa Civil, Rui Costa.&nbsp;<\/p>","protected":false},"excerpt":{"rendered":"<p>O reitor da UFSM, Luciano Schuch, participou na manh\u00e3 desta quinta-feira, 19, de uma reuni\u00e3o com o Presidente da Rep\u00fablica, Luiz In\u00e1cio Lula da Silva, juntamente com reitores e reitoras das Universidades e Institutos Federais brasileiros.&nbsp; O presidente Lula iniciou afirmando que este seria o encontro da civiliza\u00e7\u00e3o. Deu sinais de que este formato de<\/p>\n<div class=\"read-more-wrapper\"><a class=\"read-more\" href=\"https:\/\/www2.comunitaria.com.br\/en\/novas-perspectivas-para-a-educacao-superior-no-pais-sao-tema-de-reuniao-com-presidente-da-republica\/\" title=\"Read More\"> <span class=\"button\">Read More<\/span><\/a><\/div>","protected":false},"author":2,"featured_media":56914,"comment_status":"open","ping_status":"closed","sticky":false,"template":"","format":"standard","meta":{"ngg_post_thumbnail":0,"footnotes":""},"categories":[44,28],"tags":[],"class_list":["post-56912","post","type-post","status-publish","format-standard","has-post-thumbnail","hentry","category-educacao","category-destaque"],"amp_enabled":true,"_links":{"self":[{"href":"https:\/\/www2.comunitaria.com.br\/en\/wp-json\/wp\/v2\/posts\/56912","targetHints":{"allow":["GET"]}}],"collection":[{"href":"https:\/\/www2.comunitaria.com.br\/en\/wp-json\/wp\/v2\/posts"}],"about":[{"href":"https:\/\/www2.comunitaria.com.br\/en\/wp-json\/wp\/v2\/types\/post"}],"author":[{"embeddable":true,"href":"https:\/\/www2.comunitaria.com.br\/en\/wp-json\/wp\/v2\/users\/2"}],"replies":[{"embeddable":true,"href":"https:\/\/www2.comunitaria.com.br\/en\/wp-json\/wp\/v2\/comments?post=56912"}],"version-history":[{"count":0,"href":"https:\/\/www2.comunitaria.com.br\/en\/wp-json\/wp\/v2\/posts\/56912\/revisions"}],"wp:featuredmedia":[{"embeddable":true,"href":"https:\/\/www2.comunitaria.com.br\/en\/wp-json\/wp\/v2\/media\/56914"}],"wp:attachment":[{"href":"https:\/\/www2.comunitaria.com.br\/en\/wp-json\/wp\/v2\/media?parent=56912"}],"wp:term":[{"taxonomy":"category","embeddable":true,"href":"https:\/\/www2.comunitaria.com.br\/en\/wp-json\/wp\/v2\/categories?post=56912"},{"taxonomy":"post_tag","embeddable":true,"href":"https:\/\/www2.comunitaria.com.br\/en\/wp-json\/wp\/v2\/tags?post=56912"}],"curies":[{"name":"wp","href":"https:\/\/api.w.org\/{rel}","templated":true}]}}