{"id":56903,"date":"2023-01-18T21:37:20","date_gmt":"2023-01-18T23:37:20","guid":{"rendered":"http:\/\/www2.comunitaria.com.br\/?p=56903"},"modified":"2023-01-18T21:37:20","modified_gmt":"2023-01-18T23:37:20","slug":"e-fake-que-o-governo-lula-aumentou-o-valor-do-auxilio-reclusao-para-r-1-75418","status":"publish","type":"post","link":"https:\/\/www2.comunitaria.com.br\/en\/e-fake-que-o-governo-lula-aumentou-o-valor-do-auxilio-reclusao-para-r-1-75418\/","title":{"rendered":"\u00c9 #FAKE que o governo Lula aumentou o valor do aux\u00edlio-reclus\u00e3o para R$ 1.754,18"},"content":{"rendered":"<p><span style=\"font-weight: 400;\">Circula pelas redes sociais a informa\u00e7\u00e3o de que o governo Lula aumentou o aux\u00edlio-reclus\u00e3o para R$ 1.754,18. <em>Tome cuidado, essa not\u00edcia \u00e9 falsa!&nbsp;<\/em><\/span><\/p>\n<p><span style=\"font-weight: 400;\">Postagens a alega\u00e7\u00e3o de que o aux\u00edlio-reclus\u00e3o teria aumentado para R$ 1.754,18, estando acima do sal\u00e1rio m\u00ednimo, confundem o valor do benef\u00edcio com o teto salarial que uma pessoa deveria ter quando estava em liberdade para que seus dependentes tenham direito ao benef\u00edcio durante a reclus\u00e3o.&nbsp;<\/span><\/p>\n<p><span style=\"font-weight: 400;\">Em janeiro, o sal\u00e1rio-m\u00ednimo foi reajustado para R$ 1.302. Com isso, todos os benef\u00edcios atrelados a ele foram reajustados, como \u00e9 o caso do aux\u00edlio-reclus\u00e3o, que sempre corresponde ao valor do sal\u00e1rio-m\u00ednimo. Para fazer jus ao recebimento do aux\u00edlio-reclus\u00e3o, \u00e9 necess\u00e1rio que o detento, al\u00e9m de contribuir com o INSS, tivesse renda mensal igual ou inferior a R$ 1.754,18 quando foi preso.<\/span><\/p>\n<p><span style=\"font-weight: 400;\">Considera-se a m\u00e9dia salarial nos 12 meses anteriores ao recolhimento da pessoa ao sistema prisional. As informa\u00e7\u00f5es foram publicadas na <a href=\"https:\/\/pesquisa.in.gov.br\/imprensa\/jsp\/visualiza\/index.jsp?data=11\/01\/2023&amp;jornal=515&amp;pagina=32\">Portaria interministerial MPS\/MF n\u00ba 26<\/a>, dispon\u00edvel no Di\u00e1rio Oficial da Uni\u00e3o de 11 de janeiro de 2023.<\/span><\/p>\n<p><span style=\"font-weight: 400;\">O aux\u00edlio-reclus\u00e3o \u00e9 um benef\u00edcio que est\u00e1 presente na <a href=\"http:\/\/www.planalto.gov.br\/ccivil_03\/leis\/1950-1969\/l3807.htm\">Lei Org\u00e2nica da Previd\u00eancia Social<\/a>. Pessoas que tenham contribu\u00eddo ao menos 24 meses para o Instituto Nacional de Seguridade Social (INSS) t\u00eam direito a um aux\u00edlio-reclus\u00e3o, pago a seus dependentes e familiares. O benef\u00edcio vale enquanto durar a reclus\u00e3o.<\/span><\/p>\n<p><span style=\"font-weight: 400;\">O valor do sal\u00e1rio m\u00ednimo foi reajustado para R$ 1.302, aumento que rep\u00f4s a infla\u00e7\u00e3o de 5,81%, em 2022, mais um ganho real de cerca de 1,5%. Esta foi a primeira vez que o governo Bolsonaro enviou proposta or\u00e7ament\u00e1ria com ganho real do sal\u00e1rio m\u00ednimo.<\/span><\/p>\n<p><span style=\"font-weight: 400;\">Durante o per\u00edodo de transi\u00e7\u00e3o de governo, Lula conseguiu que o Congresso aprovasse o Or\u00e7amento 2023 com previs\u00e3o do sal\u00e1rio m\u00ednimo de R$ 1.320. No entanto, ele precisa editar uma Medida Provis\u00f3ria para que o novo valor passe a valer. O presidente \u00e9 cobrado por ainda n\u00e3o ter feito isso e debate com sua equipe econ\u00f4mica a viabilidade da proposta.<\/span><\/p>\n<p>*Checagem feita pelo <a href=\"https:\/\/www.google.com\/url?sa=t&amp;rct=j&amp;q=&amp;esrc=s&amp;source=web&amp;cd=&amp;cad=rja&amp;uact=8&amp;ved=2ahUKEwiggaW7o9L8AhUZrZUCHakmBQoQFnoECAgQAQ&amp;url=https%3A%2F%2Fwww.estadao.com.br%2Festadao-verifica%2Flula-aumentou-auxilio-reclusao-1754-maior-salario-minimo%2F&amp;usg=AOvVaw17s_fOBHd2fhXEq0vjdcUS\">Estad\u00e3o<\/a><\/p>","protected":false},"excerpt":{"rendered":"<p>Circula pelas redes sociais a informa\u00e7\u00e3o de que o governo Lula aumentou o aux\u00edlio-reclus\u00e3o para R$ 1.754,18. Tome cuidado, essa not\u00edcia \u00e9 falsa!&nbsp; Postagens a alega\u00e7\u00e3o de que o aux\u00edlio-reclus\u00e3o&#8230;<\/p>","protected":false},"author":2,"featured_media":56905,"comment_status":"open","ping_status":"closed","sticky":false,"template":"","format":"standard","meta":{"ngg_post_thumbnail":0,"footnotes":""},"categories":[6173,6170],"tags":[],"class_list":["post-56903","post","type-post","status-publish","format-standard","has-post-thumbnail","hentry","category-eleicoes-2022","category-fato-ou-fake"],"amp_enabled":true,"_links":{"self":[{"href":"https:\/\/www2.comunitaria.com.br\/en\/wp-json\/wp\/v2\/posts\/56903","targetHints":{"allow":["GET"]}}],"collection":[{"href":"https:\/\/www2.comunitaria.com.br\/en\/wp-json\/wp\/v2\/posts"}],"about":[{"href":"https:\/\/www2.comunitaria.com.br\/en\/wp-json\/wp\/v2\/types\/post"}],"author":[{"embeddable":true,"href":"https:\/\/www2.comunitaria.com.br\/en\/wp-json\/wp\/v2\/users\/2"}],"replies":[{"embeddable":true,"href":"https:\/\/www2.comunitaria.com.br\/en\/wp-json\/wp\/v2\/comments?post=56903"}],"version-history":[{"count":0,"href":"https:\/\/www2.comunitaria.com.br\/en\/wp-json\/wp\/v2\/posts\/56903\/revisions"}],"wp:featuredmedia":[{"embeddable":true,"href":"https:\/\/www2.comunitaria.com.br\/en\/wp-json\/wp\/v2\/media\/56905"}],"wp:attachment":[{"href":"https:\/\/www2.comunitaria.com.br\/en\/wp-json\/wp\/v2\/media?parent=56903"}],"wp:term":[{"taxonomy":"category","embeddable":true,"href":"https:\/\/www2.comunitaria.com.br\/en\/wp-json\/wp\/v2\/categories?post=56903"},{"taxonomy":"post_tag","embeddable":true,"href":"https:\/\/www2.comunitaria.com.br\/en\/wp-json\/wp\/v2\/tags?post=56903"}],"curies":[{"name":"wp","href":"https:\/\/api.w.org\/{rel}","templated":true}]}}