{"id":56813,"date":"2023-01-13T11:37:24","date_gmt":"2023-01-13T13:37:24","guid":{"rendered":"http:\/\/www2.comunitaria.com.br\/?p=56813"},"modified":"2023-01-13T11:37:24","modified_gmt":"2023-01-13T13:37:24","slug":"e-fake-que-o-stf-esta-monitorando-mensagens-trocadas-no-facebook-twitter-e-whatsapp","status":"publish","type":"post","link":"https:\/\/www2.comunitaria.com.br\/en\/e-fake-que-o-stf-esta-monitorando-mensagens-trocadas-no-facebook-twitter-e-whatsapp\/","title":{"rendered":"\u00c9 #FAKE que o STF est\u00e1 monitorando mensagens trocadas no Facebook, Twitter e WhatsApp"},"content":{"rendered":"<p><span style=\"font-weight: 400;\">Circula pelas redes sociais a informa\u00e7\u00e3o de que o STF est\u00e1 monitorando mensagens trocadas no Facebook, Twitter e WhatsApp. <em>Tome cuidado, essa not\u00edcia \u00e9 falsa!&nbsp;<\/em><\/span><\/p>\n<p><span style=\"font-weight: 400;\">Tem circulado na internet uma mensagem com a informa\u00e7\u00e3o de que o Supremo Tribunal Federal (STF) teria autorizado o monitoramento de redes sociais como o Facebook, o Twitter e o WhatsApp, inclusive de chamadas de v\u00eddeo e voz ou conversas pessoais. A not\u00edcia falsa tamb\u00e9m diz haver um \u201cacordo\u201d entre os governos da Europa, Am\u00e9rica do Norte e Am\u00e9rica do Sul com as empresas para que as mensagens dos usu\u00e1rios fossem monitoradas.&nbsp;<\/span><\/p>\n<p><span style=\"font-weight: 400;\">No entanto, estando entre as empresas citadas no falso comunicado, o WhatsApp se manifestou sobre o assunto e desmentiu a informa\u00e7\u00e3o. A empresa do Grupo Meta, que tamb\u00e9m \u00e9 dona do Facebook, destacou que a criptografia de ponta a ponta, tecnologia utilizada pela plataforma, somente concede acesso aos conte\u00fados das mensagens a quem as envia e quem as recebe.<\/span><\/p>\n<p><span style=\"font-weight: 400;\">Al\u00e9m disso, n\u00e3o existe nenhum documento que comprove a suposta decis\u00e3o. O STF tamb\u00e9m j\u00e1 afirmou que a informa\u00e7\u00e3o n\u00e3o procede.<\/span><\/p>\n<p><span style=\"font-weight: 400;\">\u00c9 importante destacar que, no Brasil, a prote\u00e7\u00e3o da privacidade no uso da internet \u00e9 lei. A Lei Federal do Marco Civil da Internet, <a href=\"https:\/\/www.google.com\/url?sa=t&amp;rct=j&amp;q=&amp;esrc=s&amp;source=web&amp;cd=&amp;cad=rja&amp;uact=8&amp;ved=2ahUKEwid3dy_08T8AhUAqJUCHZBiCLwQFnoECBIQAQ&amp;url=https%3A%2F%2Fwww.planalto.gov.br%2Fccivil_03%2F_ato2011-2014%2F2014%2Flei%2Fl12965.htm&amp;usg=AOvVaw00pZmCWiMkhIvY1k1TD_Ww\">Lei N\u00b0 12.965\/2014<\/a>, \u00e9 respons\u00e1vel por regularizar o uso da internet, sendo uma das garantias do usu\u00e1rio o direito \u00e0 privacidade.<\/span><\/p>\n<p><span style=\"font-weight: 400;\">De acordo com a Ag\u00eancia de verifica\u00e7\u00e3o de not\u00edcias Lupa, o mesmo texto j\u00e1 havia circulado na internet entre os anos de 2017 e 2020.&nbsp;<\/span><\/p>\n<p><span style=\"font-weight: 400;\">*Com informa\u00e7\u00f5es do Uol, Lupa e R7<\/span><\/p>","protected":false},"excerpt":{"rendered":"<p>Circula pelas redes sociais a informa\u00e7\u00e3o de que o STF est\u00e1 monitorando mensagens trocadas no Facebook, Twitter e WhatsApp. Tome cuidado, essa not\u00edcia \u00e9 falsa!&nbsp; Tem circulado na internet uma&#8230;<\/p>","protected":false},"author":2,"featured_media":56815,"comment_status":"open","ping_status":"closed","sticky":false,"template":"","format":"standard","meta":{"ngg_post_thumbnail":0,"footnotes":""},"categories":[47,6170],"tags":[],"class_list":["post-56813","post","type-post","status-publish","format-standard","has-post-thumbnail","hentry","category-brasil","category-fato-ou-fake"],"amp_enabled":true,"_links":{"self":[{"href":"https:\/\/www2.comunitaria.com.br\/en\/wp-json\/wp\/v2\/posts\/56813","targetHints":{"allow":["GET"]}}],"collection":[{"href":"https:\/\/www2.comunitaria.com.br\/en\/wp-json\/wp\/v2\/posts"}],"about":[{"href":"https:\/\/www2.comunitaria.com.br\/en\/wp-json\/wp\/v2\/types\/post"}],"author":[{"embeddable":true,"href":"https:\/\/www2.comunitaria.com.br\/en\/wp-json\/wp\/v2\/users\/2"}],"replies":[{"embeddable":true,"href":"https:\/\/www2.comunitaria.com.br\/en\/wp-json\/wp\/v2\/comments?post=56813"}],"version-history":[{"count":0,"href":"https:\/\/www2.comunitaria.com.br\/en\/wp-json\/wp\/v2\/posts\/56813\/revisions"}],"wp:featuredmedia":[{"embeddable":true,"href":"https:\/\/www2.comunitaria.com.br\/en\/wp-json\/wp\/v2\/media\/56815"}],"wp:attachment":[{"href":"https:\/\/www2.comunitaria.com.br\/en\/wp-json\/wp\/v2\/media?parent=56813"}],"wp:term":[{"taxonomy":"category","embeddable":true,"href":"https:\/\/www2.comunitaria.com.br\/en\/wp-json\/wp\/v2\/categories?post=56813"},{"taxonomy":"post_tag","embeddable":true,"href":"https:\/\/www2.comunitaria.com.br\/en\/wp-json\/wp\/v2\/tags?post=56813"}],"curies":[{"name":"wp","href":"https:\/\/api.w.org\/{rel}","templated":true}]}}