{"id":56776,"date":"2023-01-10T17:37:24","date_gmt":"2023-01-10T19:37:24","guid":{"rendered":"http:\/\/www2.comunitaria.com.br\/?p=56776"},"modified":"2023-01-10T17:37:24","modified_gmt":"2023-01-10T19:37:24","slug":"mp-de-contas-pede-bloqueio-de-bens-de-bolsonaro-ibaneis-e-torres-por-atos-criminosos-no-df","status":"publish","type":"post","link":"https:\/\/www2.comunitaria.com.br\/en\/mp-de-contas-pede-bloqueio-de-bens-de-bolsonaro-ibaneis-e-torres-por-atos-criminosos-no-df\/","title":{"rendered":"MP de Contas pede bloqueio de bens de Bolsonaro, Ibaneis e Torres por atos criminosos no DF"},"content":{"rendered":"<p>O Minist\u00e9rio P\u00fablico junto ao Tribunal de Contas de Uni\u00e3o (MPTCU) pediu para a corte o bloqueio de bens do ex-presidente Jair Bolsonaro (PL), do governador afastado do Distrito Federal (DF), Ibaneis Rocha (MDB), e do ex-secret\u00e1rio de Seguran\u00e7a P\u00fablica do DF, Anderson Torres.<\/p>\n<p>O pedido \u2013 assinado pelo sub-procurador geral do MPTCU, Lucas Rocha Furtado \u2013 feito ao ministro do TCU, Bruno Dantas, \u00e9 justificado pelos atos criminosos do \u00faltimo domingo (8) em Bras\u00edlia, no qual as sedes dos Tr\u00eas Poderes foram atacadas por bolsonaristas.<br \/>\n\u201cEm raz\u00e3o de processo de Tomada de Contas e do vandalismo ocorrido no Distrito Federal no dia 8 de janeiro de 2023, que provocou in\u00fameros preju\u00edzos ao er\u00e1rio federal, solicito seja decretada a indisponibilidade de bens\u201d, escreve o pedido.<\/p>\n<p>Al\u00e9m do trio, o sub-procurador tamb\u00e9m solicita o bloqueio de bens \u201cde outros respons\u00e1veis, sobretudo de financiadores de mencionados atos ilegais\u201d.<\/p>\n<p>\u201cAproveito a oportunidade para me colocar \u00e0 disposi\u00e7\u00e3o dessa Corte para novos pedidos de indisponibilidade\u201d, conclui o pedido.<\/p>\n<p>&nbsp;<\/p>","protected":false},"excerpt":{"rendered":"<p>O Minist\u00e9rio P\u00fablico junto ao Tribunal de Contas de Uni\u00e3o (MPTCU) pediu para a corte o bloqueio de bens do ex-presidente Jair Bolsonaro (PL), do governador afastado do Distrito Federal (DF), Ibaneis Rocha (MDB), e do ex-secret\u00e1rio de Seguran\u00e7a P\u00fablica do DF, Anderson Torres. O pedido \u2013 assinado pelo sub-procurador geral do MPTCU, Lucas Rocha<\/p>\n<div class=\"read-more-wrapper\"><a class=\"read-more\" href=\"https:\/\/www2.comunitaria.com.br\/en\/mp-de-contas-pede-bloqueio-de-bens-de-bolsonaro-ibaneis-e-torres-por-atos-criminosos-no-df\/\" title=\"Read More\"> <span class=\"button\">Read More<\/span><\/a><\/div>","protected":false},"author":2,"featured_media":50480,"comment_status":"open","ping_status":"closed","sticky":false,"template":"","format":"standard","meta":{"ngg_post_thumbnail":0,"footnotes":""},"categories":[33],"tags":[],"class_list":["post-56776","post","type-post","status-publish","format-standard","has-post-thumbnail","hentry","category-noticias"],"amp_enabled":true,"_links":{"self":[{"href":"https:\/\/www2.comunitaria.com.br\/en\/wp-json\/wp\/v2\/posts\/56776","targetHints":{"allow":["GET"]}}],"collection":[{"href":"https:\/\/www2.comunitaria.com.br\/en\/wp-json\/wp\/v2\/posts"}],"about":[{"href":"https:\/\/www2.comunitaria.com.br\/en\/wp-json\/wp\/v2\/types\/post"}],"author":[{"embeddable":true,"href":"https:\/\/www2.comunitaria.com.br\/en\/wp-json\/wp\/v2\/users\/2"}],"replies":[{"embeddable":true,"href":"https:\/\/www2.comunitaria.com.br\/en\/wp-json\/wp\/v2\/comments?post=56776"}],"version-history":[{"count":0,"href":"https:\/\/www2.comunitaria.com.br\/en\/wp-json\/wp\/v2\/posts\/56776\/revisions"}],"wp:featuredmedia":[{"embeddable":true,"href":"https:\/\/www2.comunitaria.com.br\/en\/wp-json\/wp\/v2\/media\/50480"}],"wp:attachment":[{"href":"https:\/\/www2.comunitaria.com.br\/en\/wp-json\/wp\/v2\/media?parent=56776"}],"wp:term":[{"taxonomy":"category","embeddable":true,"href":"https:\/\/www2.comunitaria.com.br\/en\/wp-json\/wp\/v2\/categories?post=56776"},{"taxonomy":"post_tag","embeddable":true,"href":"https:\/\/www2.comunitaria.com.br\/en\/wp-json\/wp\/v2\/tags?post=56776"}],"curies":[{"name":"wp","href":"https:\/\/api.w.org\/{rel}","templated":true}]}}