{"id":56733,"date":"2023-01-09T17:02:35","date_gmt":"2023-01-09T19:02:35","guid":{"rendered":"http:\/\/www2.comunitaria.com.br\/?p=56733"},"modified":"2023-01-09T17:02:35","modified_gmt":"2023-01-09T19:02:35","slug":"administracao-de-fw-e-uri-fw-se-reunem-para-alinhar-projetos-futuros","status":"publish","type":"post","link":"https:\/\/www2.comunitaria.com.br\/en\/administracao-de-fw-e-uri-fw-se-reunem-para-alinhar-projetos-futuros\/","title":{"rendered":"Administra\u00e7\u00e3o de FW e URI-FW se re\u00fanem para alinhar projetos futuros"},"content":{"rendered":"<p>A nova diretoria da Universidade Regional Integrada de Frederico Westphalen (URI-FW), gest\u00e3o 2023-2026, composta pela Diretora Geral, professora Elisabete Cerutti, Diretor Acad\u00eamico, professor Carlos Eduardo Blanco Linhares, Diretor Administrativo, professor Alzenir Jos\u00e9 de Vargas e Diretora da Escola de Educa\u00e7\u00e3o B\u00e1sica, professora M\u00e1rcia Dalla Nora, se reuniu com o prefeito Jos\u00e9 Alberto Panosso, o&nbsp; vice-prefeito Jo\u00e3o Vendruscolo e a Secret\u00e1ria da Educa\u00e7\u00e3o, Maria Cristina Gubiani Aita, na manh\u00e3 desta segunda-feira, 9, para tratar sobre as atividades da nova diretoria do campus frederiquense e fortalecer a parceria entre o Executivo municipal e a institui\u00e7\u00e3o de ensino para projetos vindouros.&nbsp;<\/p>\n<p>Para o prefeito Panosso, \u00e9 extremamente importante a parceria e uni\u00e3o que a URI tem com a Administra\u00e7\u00e3o, realizando importantes projetos que contribuem para o desenvolvimento do munic\u00edpio.<\/p>","protected":false},"excerpt":{"rendered":"<p>A nova diretoria da Universidade Regional Integrada de Frederico Westphalen (URI-FW), gest\u00e3o 2023-2026, composta pela Diretora Geral, professora Elisabete Cerutti, Diretor Acad\u00eamico, professor Carlos Eduardo Blanco Linhares, Diretor Administrativo, professor&#8230;<\/p>","protected":false},"author":2,"featured_media":56735,"comment_status":"open","ping_status":"closed","sticky":false,"template":"","format":"standard","meta":{"ngg_post_thumbnail":0,"footnotes":""},"categories":[42,33],"tags":[],"class_list":["post-56733","post","type-post","status-publish","format-standard","has-post-thumbnail","hentry","category-fred-west","category-noticias"],"amp_enabled":true,"_links":{"self":[{"href":"https:\/\/www2.comunitaria.com.br\/en\/wp-json\/wp\/v2\/posts\/56733","targetHints":{"allow":["GET"]}}],"collection":[{"href":"https:\/\/www2.comunitaria.com.br\/en\/wp-json\/wp\/v2\/posts"}],"about":[{"href":"https:\/\/www2.comunitaria.com.br\/en\/wp-json\/wp\/v2\/types\/post"}],"author":[{"embeddable":true,"href":"https:\/\/www2.comunitaria.com.br\/en\/wp-json\/wp\/v2\/users\/2"}],"replies":[{"embeddable":true,"href":"https:\/\/www2.comunitaria.com.br\/en\/wp-json\/wp\/v2\/comments?post=56733"}],"version-history":[{"count":0,"href":"https:\/\/www2.comunitaria.com.br\/en\/wp-json\/wp\/v2\/posts\/56733\/revisions"}],"wp:featuredmedia":[{"embeddable":true,"href":"https:\/\/www2.comunitaria.com.br\/en\/wp-json\/wp\/v2\/media\/56735"}],"wp:attachment":[{"href":"https:\/\/www2.comunitaria.com.br\/en\/wp-json\/wp\/v2\/media?parent=56733"}],"wp:term":[{"taxonomy":"category","embeddable":true,"href":"https:\/\/www2.comunitaria.com.br\/en\/wp-json\/wp\/v2\/categories?post=56733"},{"taxonomy":"post_tag","embeddable":true,"href":"https:\/\/www2.comunitaria.com.br\/en\/wp-json\/wp\/v2\/tags?post=56733"}],"curies":[{"name":"wp","href":"https:\/\/api.w.org\/{rel}","templated":true}]}}