{"id":56709,"date":"2023-01-06T17:22:52","date_gmt":"2023-01-06T19:22:52","guid":{"rendered":"http:\/\/www2.comunitaria.com.br\/?p=56709"},"modified":"2023-01-06T17:22:52","modified_gmt":"2023-01-06T19:22:52","slug":"ministro-da-justica-autoriza-uso-da-forca-nacional-pela-primeira-vez-no-governo","status":"publish","type":"post","link":"https:\/\/www2.comunitaria.com.br\/en\/ministro-da-justica-autoriza-uso-da-forca-nacional-pela-primeira-vez-no-governo\/","title":{"rendered":"Ministro da Justi\u00e7a autoriza uso da For\u00e7a Nacional pela primeira vez no governo"},"content":{"rendered":"<p>O an\u00fancio foi feito pelo ministro da Justi\u00e7a, Fl\u00e1vio Dino (PSB), nesta quinta-feira (5), em uma rede social onde ele afirma que autorizou o envio da For\u00e7a Nacional de Seguran\u00e7a pra atuar em opera\u00e7\u00f5es.<\/p>\n<p>Uma delas no Amazonas na chamada Base Arp\u00e3o que \u00e9 uma opera\u00e7\u00e3o integrada entre as for\u00e7as de seguran\u00e7a do estado e em n\u00edvel federal, que vem desenvolvendo um trabalho de combate ao crime organizado, narcotr\u00e1fico e a crimes ambientais por meio fluvial na calha do Rio Solim\u00f5es.<br \/>\nEssa \u00e9 a primeira renova\u00e7\u00e3o do refor\u00e7o no governo Lula mas os agentes da For\u00e7a Nacional j\u00e1 atuam na Base Arp\u00e3o h\u00e1 pelo menos 2 anos.<\/p>\n<p>Somente em 2022, as a\u00e7\u00f5es realizadas nessa opera\u00e7\u00e3o geraram um preju\u00edzo de mais de 50 milh\u00f5es ao crime.<\/p>\n<p>Conforme a Secretaria de Seguran\u00e7a P\u00fablica do Amazonas, esse ano a atua\u00e7\u00e3o da Base Arp\u00e3o deve se estender e auxiliar nos patrulhamentos fluviais na regi\u00e3o do Rio Negro.<\/p>\n<p>Segundo o Ministro da Justi\u00e7a o uso da For\u00e7a Nacional tamb\u00e9m ser\u00e1 prorrogado at\u00e9 12 de mar\u00e7o nas atividades da Terra Indiana Guarita no Rio Grande do Sul.<\/p>","protected":false},"excerpt":{"rendered":"<p>O an\u00fancio foi feito pelo ministro da Justi\u00e7a, Fl\u00e1vio Dino (PSB), nesta quinta-feira (5), em uma rede social onde ele afirma que autorizou o envio da For\u00e7a Nacional de Seguran\u00e7a&#8230;<\/p>","protected":false},"author":2,"featured_media":56711,"comment_status":"open","ping_status":"closed","sticky":false,"template":"","format":"standard","meta":{"ngg_post_thumbnail":0,"footnotes":""},"categories":[33],"tags":[],"class_list":["post-56709","post","type-post","status-publish","format-standard","has-post-thumbnail","hentry","category-noticias"],"amp_enabled":true,"_links":{"self":[{"href":"https:\/\/www2.comunitaria.com.br\/en\/wp-json\/wp\/v2\/posts\/56709","targetHints":{"allow":["GET"]}}],"collection":[{"href":"https:\/\/www2.comunitaria.com.br\/en\/wp-json\/wp\/v2\/posts"}],"about":[{"href":"https:\/\/www2.comunitaria.com.br\/en\/wp-json\/wp\/v2\/types\/post"}],"author":[{"embeddable":true,"href":"https:\/\/www2.comunitaria.com.br\/en\/wp-json\/wp\/v2\/users\/2"}],"replies":[{"embeddable":true,"href":"https:\/\/www2.comunitaria.com.br\/en\/wp-json\/wp\/v2\/comments?post=56709"}],"version-history":[{"count":0,"href":"https:\/\/www2.comunitaria.com.br\/en\/wp-json\/wp\/v2\/posts\/56709\/revisions"}],"wp:featuredmedia":[{"embeddable":true,"href":"https:\/\/www2.comunitaria.com.br\/en\/wp-json\/wp\/v2\/media\/56711"}],"wp:attachment":[{"href":"https:\/\/www2.comunitaria.com.br\/en\/wp-json\/wp\/v2\/media?parent=56709"}],"wp:term":[{"taxonomy":"category","embeddable":true,"href":"https:\/\/www2.comunitaria.com.br\/en\/wp-json\/wp\/v2\/categories?post=56709"},{"taxonomy":"post_tag","embeddable":true,"href":"https:\/\/www2.comunitaria.com.br\/en\/wp-json\/wp\/v2\/tags?post=56709"}],"curies":[{"name":"wp","href":"https:\/\/api.w.org\/{rel}","templated":true}]}}