{"id":56638,"date":"2023-01-01T19:26:24","date_gmt":"2023-01-01T21:26:24","guid":{"rendered":"http:\/\/www2.comunitaria.com.br\/?p=56638"},"modified":"2023-01-01T19:26:24","modified_gmt":"2023-01-01T21:26:24","slug":"lula-e-empossado-em-brasilia","status":"publish","type":"post","link":"https:\/\/www2.comunitaria.com.br\/en\/lula-e-empossado-em-brasilia\/","title":{"rendered":"Lula \u00e9 empossado em Bras\u00edlia"},"content":{"rendered":"<div id=\"chunk-ceocq\">\n<div class=\"mc-column content-text active-extra-styles\" data-block-type=\"unstyled\" data-block-weight=\"32\" data-block-id=\"3\">\n<p class=\"content-text__container\" data-track-category=\"Link no Texto\" data-track-links=\"\">Representantes do povo brasileiro entregaram neste domingo (1\u00ba) a faixa presidencial a Luiz In\u00e1cio&nbsp;<a href=\"https:\/\/g1.globo.com\/politica\/politico\/lula\/\">Lula<\/a>&nbsp;da Silva (PT), na cerim\u00f4nia de posse em Bras\u00edlia. O grupo foi formado por oito pessoas:<\/p>\n<\/div>\n<\/div>\n<div class=\"wall protected-content\">\n<div class=\"mc-column content-text active-extra-styles\" data-block-type=\"raw\" data-block-weight=\"80\" data-block-id=\"4\">\n<p class=\"content-text__container\">&nbsp;<\/p>\n<ul class=\"content-unordered-list\">\n<li><strong>Francisco:<\/strong>&nbsp;uma crian\u00e7a de 10 anos, moradora de Itaquera, periferia de S\u00e3o Paulo;<\/li>\n<li><strong>Aline Sousa:&nbsp;<\/strong>catadora, 33 anos;<\/li>\n<li><strong>Cacique Raoni Mtuktire, 90 anos<\/strong>;<\/li>\n<li><strong>Weslley Viesba Rodrigues,<\/strong>&nbsp;metal\u00fargico do ABC;<\/li>\n<li><strong>Murilo de Quadros Jesus<\/strong>, professor de portugu\u00eas;<\/li>\n<li><strong>Jucimara Fausto dos Santos<\/strong>, cozinheira que ficou dez meses na vig\u00edlia Lula Livre, acampamento ao lado da sede da Pol\u00edcia Federal de Curitiba quando estava preso<\/li>\n<li><strong>Ivan Baron,&nbsp;<\/strong>influencer na luta anticapacitista;<\/li>\n<li><strong>Fl\u00e1vio Pereira,<\/strong>&nbsp;artes\u00e3o que tamb\u00e9m esteve 580 dias na vig\u00edlia Lula Livre.<\/li>\n<\/ul>\n<p>&nbsp;<\/p>\n<\/div>\n<div id=\"chunk-80nao\">\n<div class=\"mc-column content-text active-extra-styles\" data-block-type=\"unstyled\" data-block-weight=\"34\" data-block-id=\"5\">\n<p class=\"content-text__container\" data-track-category=\"Link no Texto\" data-track-links=\"\">O ato in\u00e9dito&nbsp;<a href=\"https:\/\/g1.globo.com\/politica\/noticia\/2023\/01\/01\/com-bolsonaro-fora-do-pais-equipe-de-lula-faz-suspense-sobre-passagem-da-faixa-presidencial.ghtml\">quebrou o suspense<\/a>&nbsp;em torno de quem entregaria a faixa para Lula. Isso porque um decreto de 1972 prop\u00f5e que o presidente da Rep\u00fablica receba de seu antecessor a faixa.<\/p>\n<\/div>\n<\/div>\n<div id=\"chunk-50scg\">\n<div class=\"mc-column content-text active-extra-styles\" data-block-type=\"unstyled\" data-block-weight=\"19\" data-block-id=\"6\">\n<p class=\"content-text__container\" data-track-category=\"Link no Texto\" data-track-links=\"\">O ex-presidente&nbsp;<a href=\"https:\/\/g1.globo.com\/politica\/politico\/jair-bolsonaro\/\">Jair Bolsonaro<\/a>&nbsp;(PL) viajou na sexta-feira (30) para os Estados Unidos e n\u00e3o participou do evento.<\/p>\n<\/div>\n<\/div>\n<div id=\"chunk-4krn9\">\n<div class=\"mc-column content-text active-extra-styles\" data-block-type=\"unstyled\" data-block-weight=\"28\" data-block-id=\"7\">\n<p class=\"content-text__container\" data-track-category=\"Link no Texto\" data-track-links=\"\"><a href=\"https:\/\/g1.globo.com\/politica\/noticia\/2023\/01\/01\/lula-palacio-do-planalto-cerimonia-de-posse.ghtml\">Durante a entrega da faixa, Lula se emocionou&nbsp;<\/a>e, de m\u00e3os dadas com os integrantes do grupo, saudou o p\u00fablico presente em frente ao Pal\u00e1cio do Planalto.<\/p>\n<\/div>\n<\/div>\n<\/div>","protected":false},"excerpt":{"rendered":"<p>Representantes do povo brasileiro entregaram neste domingo (1\u00ba) a faixa presidencial a Luiz In\u00e1cio&nbsp;Lula&nbsp;da Silva (PT), na cerim\u00f4nia de posse em Bras\u00edlia. O grupo foi formado por oito pessoas: &nbsp; Francisco:&nbsp;uma crian\u00e7a de 10 anos, moradora de Itaquera, periferia de S\u00e3o Paulo; Aline Sousa:&nbsp;catadora, 33 anos; Cacique Raoni Mtuktire, 90 anos; Weslley Viesba Rodrigues,&nbsp;metal\u00fargico do<\/p>\n<div class=\"read-more-wrapper\"><a class=\"read-more\" href=\"https:\/\/www2.comunitaria.com.br\/en\/lula-e-empossado-em-brasilia\/\" title=\"Read More\"> <span class=\"button\">Read More<\/span><\/a><\/div>","protected":false},"author":2,"featured_media":56640,"comment_status":"open","ping_status":"closed","sticky":false,"template":"","format":"standard","meta":{"ngg_post_thumbnail":0,"footnotes":""},"categories":[33],"tags":[],"class_list":["post-56638","post","type-post","status-publish","format-standard","has-post-thumbnail","hentry","category-noticias"],"amp_enabled":true,"_links":{"self":[{"href":"https:\/\/www2.comunitaria.com.br\/en\/wp-json\/wp\/v2\/posts\/56638","targetHints":{"allow":["GET"]}}],"collection":[{"href":"https:\/\/www2.comunitaria.com.br\/en\/wp-json\/wp\/v2\/posts"}],"about":[{"href":"https:\/\/www2.comunitaria.com.br\/en\/wp-json\/wp\/v2\/types\/post"}],"author":[{"embeddable":true,"href":"https:\/\/www2.comunitaria.com.br\/en\/wp-json\/wp\/v2\/users\/2"}],"replies":[{"embeddable":true,"href":"https:\/\/www2.comunitaria.com.br\/en\/wp-json\/wp\/v2\/comments?post=56638"}],"version-history":[{"count":0,"href":"https:\/\/www2.comunitaria.com.br\/en\/wp-json\/wp\/v2\/posts\/56638\/revisions"}],"wp:featuredmedia":[{"embeddable":true,"href":"https:\/\/www2.comunitaria.com.br\/en\/wp-json\/wp\/v2\/media\/56640"}],"wp:attachment":[{"href":"https:\/\/www2.comunitaria.com.br\/en\/wp-json\/wp\/v2\/media?parent=56638"}],"wp:term":[{"taxonomy":"category","embeddable":true,"href":"https:\/\/www2.comunitaria.com.br\/en\/wp-json\/wp\/v2\/categories?post=56638"},{"taxonomy":"post_tag","embeddable":true,"href":"https:\/\/www2.comunitaria.com.br\/en\/wp-json\/wp\/v2\/tags?post=56638"}],"curies":[{"name":"wp","href":"https:\/\/api.w.org\/{rel}","templated":true}]}}