{"id":56525,"date":"2022-12-21T17:02:30","date_gmt":"2022-12-21T19:02:30","guid":{"rendered":"http:\/\/www2.comunitaria.com.br\/?p=56525"},"modified":"2022-12-21T17:02:30","modified_gmt":"2022-12-21T19:02:30","slug":"papai-noel-nos-bairros-espalha-a-magia-pelas-ruas-de-fw","status":"publish","type":"post","link":"https:\/\/www2.comunitaria.com.br\/en\/papai-noel-nos-bairros-espalha-a-magia-pelas-ruas-de-fw\/","title":{"rendered":"Papai Noel nos Bairros espalha a magia pelas ruas de FW"},"content":{"rendered":"<p>O Frederico em Luz 2022 conta com uma novidade: o projeto \u201cPapai Noel nos Bairros\u201d. Na noite de ter\u00e7a-feira, 20, o bom velhinho visitou alguns bairros distribuindo doces e fazendo a alegria da crian\u00e7ada. Nesta quarta-feira, 21, e quinta-feira, 22, os demais bairros da cidade receber\u00e3o a passagem do Papai Noel.<\/p>\n<p>A iniciativa da primeira-dama e coordenadora do Frederico em Luz, Sirlei Panosso, junto com a Administra\u00e7\u00e3o Municipal, visa \u00e0 acessibilidade para que todas as crian\u00e7as de Frederico Westphalen possam ter a oportunidade de encontrar o Papai Noel e se encantar com a magia do natal.<\/p>","protected":false},"excerpt":{"rendered":"<p>O Frederico em Luz 2022 conta com uma novidade: o projeto \u201cPapai Noel nos Bairros\u201d. Na noite de ter\u00e7a-feira, 20, o bom velhinho visitou alguns bairros distribuindo doces e fazendo&#8230;<\/p>","protected":false},"author":2,"featured_media":56527,"comment_status":"open","ping_status":"closed","sticky":false,"template":"","format":"standard","meta":{"ngg_post_thumbnail":0,"footnotes":""},"categories":[42,33],"tags":[],"class_list":["post-56525","post","type-post","status-publish","format-standard","has-post-thumbnail","hentry","category-fred-west","category-noticias"],"amp_enabled":true,"_links":{"self":[{"href":"https:\/\/www2.comunitaria.com.br\/en\/wp-json\/wp\/v2\/posts\/56525","targetHints":{"allow":["GET"]}}],"collection":[{"href":"https:\/\/www2.comunitaria.com.br\/en\/wp-json\/wp\/v2\/posts"}],"about":[{"href":"https:\/\/www2.comunitaria.com.br\/en\/wp-json\/wp\/v2\/types\/post"}],"author":[{"embeddable":true,"href":"https:\/\/www2.comunitaria.com.br\/en\/wp-json\/wp\/v2\/users\/2"}],"replies":[{"embeddable":true,"href":"https:\/\/www2.comunitaria.com.br\/en\/wp-json\/wp\/v2\/comments?post=56525"}],"version-history":[{"count":0,"href":"https:\/\/www2.comunitaria.com.br\/en\/wp-json\/wp\/v2\/posts\/56525\/revisions"}],"wp:featuredmedia":[{"embeddable":true,"href":"https:\/\/www2.comunitaria.com.br\/en\/wp-json\/wp\/v2\/media\/56527"}],"wp:attachment":[{"href":"https:\/\/www2.comunitaria.com.br\/en\/wp-json\/wp\/v2\/media?parent=56525"}],"wp:term":[{"taxonomy":"category","embeddable":true,"href":"https:\/\/www2.comunitaria.com.br\/en\/wp-json\/wp\/v2\/categories?post=56525"},{"taxonomy":"post_tag","embeddable":true,"href":"https:\/\/www2.comunitaria.com.br\/en\/wp-json\/wp\/v2\/tags?post=56525"}],"curies":[{"name":"wp","href":"https:\/\/api.w.org\/{rel}","templated":true}]}}