{"id":56482,"date":"2022-12-17T19:57:14","date_gmt":"2022-12-17T21:57:14","guid":{"rendered":"http:\/\/www2.comunitaria.com.br\/?p=56482"},"modified":"2022-12-17T19:57:14","modified_gmt":"2022-12-17T21:57:14","slug":"premiacao-do-concurso-fotografico-seu-olhar-na-nossa-historia-e-realizada-em-frederico-westphalen","status":"publish","type":"post","link":"https:\/\/www2.comunitaria.com.br\/en\/premiacao-do-concurso-fotografico-seu-olhar-na-nossa-historia-e-realizada-em-frederico-westphalen\/","title":{"rendered":"Premia\u00e7\u00e3o do Concurso Fotogr\u00e1fico: Seu Olhar na Nossa Hist\u00f3ria \u00e9 realizada em Frederico Westphalen"},"content":{"rendered":"<p style=\"text-align: justify;\">&nbsp; &nbsp; &nbsp; &nbsp; &nbsp; &nbsp; O Concurso Fotogr\u00e1fico \u201cRevelando Frederico Westphalen: Seu Olhar na Nossa Hist\u00f3ria\u201d, teve a sua cerim\u00f4nia de premia\u00e7\u00e3o realizada na noite da \u00faltima quarta-feira, dia 14 de dezembro. O evento aconteceu em frente \u00e0 Catedral Santo Ant\u00f4nio e estavam presentes o prefeito do munic\u00edpio, Jos\u00e9 Ant\u00f4nio Panosso, o vice-prefeito Jo\u00e3o Francisco Vendrusculo, a vice-diretora da UFSM\/FW, Eliane Pereira dos Santos, o presidente da C\u00e2mara de Vereadores, Leandro Mazutti e tamb\u00e9m, outras lideran\u00e7as municipais e professores da Universidade.&nbsp;<\/p>\n<p style=\"text-align: justify;\">&nbsp;&nbsp;&nbsp;&nbsp;&nbsp;&nbsp;&nbsp;&nbsp;&nbsp;&nbsp;&nbsp; O Projeto tem atua\u00e7\u00e3o da UFSM e recebeu o apoio financeiro do edital COREDEs (Conselhos Regionais de Desenvolvimento). O objetivo do concurso foi de mostrar as belezas naturais existentes em nosso munic\u00edpio pelos olhos de fot\u00f3grafos amadores, tendo o intuito de selecionar 12 fotografias para fazer parte do Calend\u00e1rio Institucional 2023 da UFSM\/FW.&nbsp;<\/p>\n<p style=\"text-align: justify;\">&nbsp;&nbsp;&nbsp;&nbsp;&nbsp;&nbsp;&nbsp;&nbsp;&nbsp;&nbsp;&nbsp; As 12 fotografias escolhidas para estarem no calend\u00e1rio 2023, receberam diversos pr\u00eamios entregues pelos colaboradores que estavam presentes na noite, certificado e 10 calend\u00e1rios, j\u00e1 com suas fotografias presentes em cada m\u00eas do ano. O evento contou com a parceria da Administra\u00e7\u00e3o de FW, C\u00e2mara de Vereadores, empresa Conceito A Studio e UFSM\/FW.<\/p>\n<p style=\"text-align: justify;\">&nbsp;&nbsp;&nbsp;&nbsp;&nbsp;&nbsp;&nbsp;&nbsp;&nbsp;&nbsp;&nbsp; A lista dos selecionados, juntamente com o pr\u00eamio recebido pelo fot\u00f3grafo amador voc\u00ea confere abaixo:<\/p>\n<p style=\"text-align: justify;\">1\u00ba.&nbsp;&nbsp;&nbsp; Felipe Sartor \u2013 R$700,00 da Prefeitura de FW e R$200,00 da Conceito A<\/p>\n<p style=\"text-align: justify;\">2\u00ba.&nbsp;&nbsp;&nbsp; Marisane Teresinha Ulbrik \u2013 R$350,00 da Prefeitura de FW e R$100,00 da Conceito A<\/p>\n<p style=\"text-align: justify;\">3\u00ba.&nbsp;&nbsp;&nbsp; Mois\u00e9s Alberto Pellegrin \u2013 R$200,00 da Prefeitura de FW e um voo de Paratrike panor\u00e2mico na Topa Beer Cervejaria e Vinhos Ferigollo<\/p>\n<p style=\"text-align: justify;\">4\u00ba.&nbsp;&nbsp;&nbsp; Andr\u00e9 Burckas Ribeiro de Avellar Pires Guerra \u2013 R$150,00 da Prefeitura de FW e R$100,00 de vale-compras no Atacarejo Rosa Sul<\/p>\n<p style=\"text-align: justify;\">5\u00ba.&nbsp;&nbsp;&nbsp; Mathias Paulus Link \u2013 R$ 100,00 da Prefeitura de FW e R$200,00 em compras na Impactus Underwear<\/p>\n<p style=\"text-align: justify;\">6\u00ba.&nbsp;&nbsp;&nbsp; Felipe Sartor \u2013 Uma entrada com acompanhante para degustar uma t\u00e1bua de frios na Camargo Uvas e Vinhos<\/p>\n<p style=\"text-align: justify;\">7\u00ba.&nbsp;&nbsp;&nbsp; Jo\u00e3o Carlos da Silva Neto \u2013 Uma di\u00e1ria para casal com caf\u00e9 da manh\u00e3 na Pousada Vale de Luz<\/p>\n<p style=\"text-align: justify;\">8\u00ba.&nbsp;&nbsp;&nbsp; Luciano da Silva Fran\u00e7a \u2013 Um jantar com acompanhante no Complexo 34<\/p>\n<p style=\"text-align: justify;\">9\u00ba.&nbsp;&nbsp;&nbsp; Mathias Paulus Link \u2013 Kit de livros da Vitrola<\/p>\n<p style=\"text-align: justify;\">10\u00ba. Lucas Frizon \u2013 Um jantar com acompanhante no Sanpa Restaurante<\/p>\n<p style=\"text-align: justify;\">11\u00ba. Eliara Brug Kovalcikosk \u2013 Um caf\u00e9 da manh\u00e3 com acompanhante no Hotel Cantelle<\/p>\n<p style=\"text-align: justify;\">12\u00ba. Erick dos Santos Silva \u2013&nbsp;Kit da UFSM<\/p>\n<p style=\"text-align: justify;\">Com informa\u00e7\u00f5es do Jornal AU<\/p>\n<p style=\"text-align: justify;\">&nbsp;<\/p>","protected":false},"excerpt":{"rendered":"<p>&nbsp; &nbsp; &nbsp; &nbsp; &nbsp; &nbsp; O Concurso Fotogr\u00e1fico \u201cRevelando Frederico Westphalen: Seu Olhar na Nossa Hist\u00f3ria\u201d, teve a sua cerim\u00f4nia de premia\u00e7\u00e3o realizada na noite da \u00faltima quarta-feira, dia&#8230;<\/p>","protected":false},"author":2,"featured_media":56484,"comment_status":"open","ping_status":"closed","sticky":false,"template":"","format":"standard","meta":{"ngg_post_thumbnail":0,"footnotes":""},"categories":[44,42,28,33],"tags":[],"class_list":["post-56482","post","type-post","status-publish","format-standard","has-post-thumbnail","hentry","category-educacao","category-fred-west","category-destaque","category-noticias"],"amp_enabled":true,"_links":{"self":[{"href":"https:\/\/www2.comunitaria.com.br\/en\/wp-json\/wp\/v2\/posts\/56482","targetHints":{"allow":["GET"]}}],"collection":[{"href":"https:\/\/www2.comunitaria.com.br\/en\/wp-json\/wp\/v2\/posts"}],"about":[{"href":"https:\/\/www2.comunitaria.com.br\/en\/wp-json\/wp\/v2\/types\/post"}],"author":[{"embeddable":true,"href":"https:\/\/www2.comunitaria.com.br\/en\/wp-json\/wp\/v2\/users\/2"}],"replies":[{"embeddable":true,"href":"https:\/\/www2.comunitaria.com.br\/en\/wp-json\/wp\/v2\/comments?post=56482"}],"version-history":[{"count":0,"href":"https:\/\/www2.comunitaria.com.br\/en\/wp-json\/wp\/v2\/posts\/56482\/revisions"}],"wp:featuredmedia":[{"embeddable":true,"href":"https:\/\/www2.comunitaria.com.br\/en\/wp-json\/wp\/v2\/media\/56484"}],"wp:attachment":[{"href":"https:\/\/www2.comunitaria.com.br\/en\/wp-json\/wp\/v2\/media?parent=56482"}],"wp:term":[{"taxonomy":"category","embeddable":true,"href":"https:\/\/www2.comunitaria.com.br\/en\/wp-json\/wp\/v2\/categories?post=56482"},{"taxonomy":"post_tag","embeddable":true,"href":"https:\/\/www2.comunitaria.com.br\/en\/wp-json\/wp\/v2\/tags?post=56482"}],"curies":[{"name":"wp","href":"https:\/\/api.w.org\/{rel}","templated":true}]}}