{"id":5642,"date":"2015-07-28T15:05:06","date_gmt":"2015-07-28T17:05:06","guid":{"rendered":"http:\/\/www2.comunitaria.com.br\/?p=5642"},"modified":"2015-07-28T15:05:06","modified_gmt":"2015-07-28T17:05:06","slug":"chuva-de-estrelas-cadentes-podera-ser-vista-do-hemisferio-sul-nesta-terca-feira","status":"publish","type":"post","link":"https:\/\/www2.comunitaria.com.br\/en\/chuva-de-estrelas-cadentes-podera-ser-vista-do-hemisferio-sul-nesta-terca-feira\/","title":{"rendered":"Chuva de \u201cestrelas cadentes\u201d poder\u00e1 ser vista do hemisf\u00e9rio sul nesta ter\u00e7a-feira"},"content":{"rendered":"<p>Moradores do Brasil e dos outros pa\u00edses no hemisf\u00e9rio sul tem um belo espet\u00e1culo no c\u00e9u neste fim de julho. \u00c9 a chuva de meteoros Delta Aquar\u00eddeas, que est\u00e1 em atividade desde o dia 18 deste m\u00eas e deve continuar at\u00e9 18 de agosto.<\/p>\n<p>O melhor momento para observ\u00e1-la, no entanto, ser\u00e1 na madrugada desta ter\u00e7a-feira, 28, para quarta, 29, segundo astr\u00f4nomos. \u00c9 quando entra em seu pico de atividade, tornando mais f\u00e1cil ver a olho nu as \u201cestrelas cadentes\u201d, como s\u00e3o popularmente conhecidos os riscos no c\u00e9u deixados pelos meteoros.<\/p>\n<p>Cientistas apontam que \u00e0s 3 horas da manh\u00e3, quando a luminosidade da lua diminuir\u00e1, ser\u00e1 o melhor momento para assistir ao espet\u00e1culo.<\/p>\n<p>Segundo a \u201cNational Geographic\u201d, apesar de n\u00e3o ser necess\u00e1rio usar telesc\u00f3pio ou bin\u00f3culos para conferir o evento, \u00e9 melhor procurar \u00e1reas longe dos centros urbanos, para que a luz de postes e pr\u00e9dios e a polui\u00e7\u00e3o n\u00e3o atrapalhem a vista.<\/p>\n<p>Se o c\u00e9u estiver encoberto, uma boa op\u00e7\u00e3o \u00e9 assistir a <a href=\"http:\/\/news.nationalgeographic.com\/2015\/07\/150727-astronomy-star-moon-planets-stargazing-night-sky\/\">transmiss\u00e3o\u00a0ao vivo<\/a> da chuva de meteoros Delta Aqu\u00e1ridas Austrais 2015 que ter\u00e1 in\u00edcio no dia\u00a0\u00e0s 22h\u00a0desta ter\u00e7a-feira, 28, pelo hor\u00e1rio de Bras\u00edlia.<\/p>\n<p><strong>Aquar\u00eddeas<\/strong><\/p>\n<p>A Nasa aponta que a origem desta chuva de estrelas ainda n\u00e3o \u00e9 muito precisa. Os meteoros, que s\u00e3o pequenos corpos celestes, riscar\u00e3o o c\u00e9u a partir da posi\u00e7\u00e3o onde fica a constela\u00e7\u00e3o de Aqu\u00e1rio (da\u00ed o nome do evento astron\u00f4mico).<\/p>\n<p>Quando eles se deslocam no espa\u00e7o e entram na atmosfera da Terra, queimando parcial ou totalmente, e \u00e9 isso que forma seu risco luminoso.<\/p>\n<p>Os cientistas destacam, no entanto, que n\u00e3o h\u00e1 o menor risco para a Terra durante esta.<\/p>\n<p><strong>Gazeta do Povo<\/strong><\/p>\n<p><strong>Foto: Divulga\u00e7\u00e3o<\/strong><\/p>\n<p>&nbsp;<\/p>","protected":false},"excerpt":{"rendered":"<p>Moradores do Brasil e dos outros pa\u00edses no hemisf\u00e9rio sul tem um belo espet\u00e1culo no c\u00e9u neste fim de julho. \u00c9 a chuva de meteoros Delta Aquar\u00eddeas, que est\u00e1 em atividade desde o dia 18 deste m\u00eas e deve continuar at\u00e9 18 de agosto. O melhor momento para observ\u00e1-la, no entanto, ser\u00e1 na madrugada desta<\/p>\n<div class=\"read-more-wrapper\"><a class=\"read-more\" href=\"https:\/\/www2.comunitaria.com.br\/en\/chuva-de-estrelas-cadentes-podera-ser-vista-do-hemisferio-sul-nesta-terca-feira\/\" title=\"Read More\"> <span class=\"button\">Read More<\/span><\/a><\/div>","protected":false},"author":2,"featured_media":5644,"comment_status":"open","ping_status":"closed","sticky":false,"template":"","format":"standard","meta":{"ngg_post_thumbnail":0,"footnotes":""},"categories":[33,35],"tags":[1345,1344,1343,1346,1165],"class_list":["post-5642","post","type-post","status-publish","format-standard","has-post-thumbnail","hentry","category-noticias","category-variedades","tag-ceu","tag-estrela-cadente","tag-estrelas","tag-noite","tag-variedades"],"amp_enabled":true,"_links":{"self":[{"href":"https:\/\/www2.comunitaria.com.br\/en\/wp-json\/wp\/v2\/posts\/5642","targetHints":{"allow":["GET"]}}],"collection":[{"href":"https:\/\/www2.comunitaria.com.br\/en\/wp-json\/wp\/v2\/posts"}],"about":[{"href":"https:\/\/www2.comunitaria.com.br\/en\/wp-json\/wp\/v2\/types\/post"}],"author":[{"embeddable":true,"href":"https:\/\/www2.comunitaria.com.br\/en\/wp-json\/wp\/v2\/users\/2"}],"replies":[{"embeddable":true,"href":"https:\/\/www2.comunitaria.com.br\/en\/wp-json\/wp\/v2\/comments?post=5642"}],"version-history":[{"count":0,"href":"https:\/\/www2.comunitaria.com.br\/en\/wp-json\/wp\/v2\/posts\/5642\/revisions"}],"wp:featuredmedia":[{"embeddable":true,"href":"https:\/\/www2.comunitaria.com.br\/en\/wp-json\/wp\/v2\/media\/5644"}],"wp:attachment":[{"href":"https:\/\/www2.comunitaria.com.br\/en\/wp-json\/wp\/v2\/media?parent=5642"}],"wp:term":[{"taxonomy":"category","embeddable":true,"href":"https:\/\/www2.comunitaria.com.br\/en\/wp-json\/wp\/v2\/categories?post=5642"},{"taxonomy":"post_tag","embeddable":true,"href":"https:\/\/www2.comunitaria.com.br\/en\/wp-json\/wp\/v2\/tags?post=5642"}],"curies":[{"name":"wp","href":"https:\/\/api.w.org\/{rel}","templated":true}]}}