{"id":56380,"date":"2022-12-09T10:06:07","date_gmt":"2022-12-09T12:06:07","guid":{"rendered":"http:\/\/www2.comunitaria.com.br\/?p=56380"},"modified":"2022-12-09T10:06:07","modified_gmt":"2022-12-09T12:06:07","slug":"o-campus-da-ufsm-fw-participa-da-inauguracao-da-estufa-de-producao-de-hortalicas-no-presidio-estadual-de-frederico-westphalen","status":"publish","type":"post","link":"https:\/\/www2.comunitaria.com.br\/en\/o-campus-da-ufsm-fw-participa-da-inauguracao-da-estufa-de-producao-de-hortalicas-no-presidio-estadual-de-frederico-westphalen\/","title":{"rendered":"O Campus da UFSM\/FW participa da inaugura\u00e7\u00e3o da Estufa de Produ\u00e7\u00e3o de Hortali\u00e7as no Pres\u00eddio Estadual de Frederico Westphalen"},"content":{"rendered":"<p class=\"s4\"><span class=\"s5\"><span class=\"bumpedFont15\">Na manh\u00e3 do dia 08 de dezembro, quinta-feira, ocorreu a inaugura\u00e7\u00e3o da Estufa de Produ\u00e7\u00e3o de Hortali\u00e7as no Pres\u00eddio Estadual de Frederico Westphalen. <\/span><\/span><span class=\"s5\"><span class=\"bumpedFont15\">Nesta, o Curso de Agronomia do Campus da Universidade Federal de Santa Maria, em Frederico Westphalen nas regras do Termo de Coopera\u00e7\u00e3o FPE 2121\/2021 institu\u00eddo entre a SUSEPE e a Universidade, \u00e9 parceiro da a\u00e7\u00e3o, o que permitir\u00e1 a viv\u00eancia te\u00f3rica e pr\u00e1tica da educa\u00e7\u00e3o ambiental aos apenados selecionados para o projeto. <\/span><\/span><\/p>\n<p class=\"s4\"><span class=\"s5\"><span class=\"bumpedFont15\">Na ocasi\u00e3o se fizeram presentes <\/span><\/span><span class=\"s5\"><span class=\"bumpedFont15\">a<\/span><\/span><span class=\"s5\"><span class=\"bumpedFont15\"> vice-diretora do Campus, Professora Eliane Pereira dos Santos<\/span><\/span><span class=\"s5\"><span class=\"bumpedFont15\">, a Professora <\/span><\/span><span class=\"s5\"><span class=\"bumpedFont15\">do <\/span><\/span><span class=\"s6\"><span class=\"bumpedFont15\">Departamento de Ci\u00eancias Agron\u00f4micas e Ambientais<\/span><\/span><span class=\"s6\"><span class=\"bumpedFont15\">,<\/span><\/span> <a href=\"https:\/\/ufsmpublica.ufsm.br\/docente\/13628\"><span class=\"s7\"><span class=\"bumpedFont15\">Denise Schmidt<\/span><\/span><\/a><span class=\"s5\"><span class=\"bumpedFont15\">, e outros representantes de organiza\u00e7\u00f5es e entidades do munic\u00edpio.<\/span><\/span><\/p>\n<p class=\"s4\"><span class=\"s5\"><span class=\"bumpedFont15\">O projeto est\u00e1 alinhado com os Objetivos de Desenvolvimento Sustent\u00e1vel, especialmente \u00e0queles relacionados \u00e0 promo\u00e7\u00e3o da educa\u00e7\u00e3o ambiental e da produ\u00e7\u00e3o sustent\u00e1vel. <\/span><\/span><span class=\"s5\"><span class=\"bumpedFont15\">A estufa foi <\/span><\/span><span class=\"s5\"><span class=\"bumpedFont15\">constru\u00edda na \u00e1rea prisional externa a partir da utiliza\u00e7\u00e3o da m\u00e3o de obra prisional. A sua manuten\u00e7\u00e3o com a produ\u00e7\u00e3o cont\u00ednua de verduras tamb\u00e9m deve se ocorrer, por meio do trabalho de apenados que receber\u00e3o a devida remi\u00e7\u00e3o de pena pelos servi\u00e7os prestados. <\/span><\/span><\/p>\n<p class=\"s9\"><span class=\"s8\"><span class=\"bumpedFont15\">A produ\u00e7\u00e3o dever\u00e1 complementar as refei\u00e7\u00f5es dos funcion\u00e1rios da unidade prisional e doada para as entidades locais como o Lar dos Idosos, Hospital, Centro de Aten\u00e7\u00e3o Psicossocial e outros. Com isto, se possibilitar\u00e1 a oferta de alimentos saud\u00e1veis na composi\u00e7\u00e3o das refei\u00e7\u00f5es produzidos pelo manejo sustent\u00e1vel e org\u00e2nico. E ainda, ter\u00e1 impacto social no processo de ressocializa\u00e7\u00e3o dos apenados.<\/span><\/span><\/p>","protected":false},"excerpt":{"rendered":"<p>Na manh\u00e3 do dia 08 de dezembro, quinta-feira, ocorreu a inaugura\u00e7\u00e3o da Estufa de Produ\u00e7\u00e3o de Hortali\u00e7as no Pres\u00eddio Estadual de Frederico Westphalen. Nesta, o Curso de Agronomia do Campus&#8230;<\/p>","protected":false},"author":2,"featured_media":56381,"comment_status":"open","ping_status":"closed","sticky":false,"template":"","format":"standard","meta":{"ngg_post_thumbnail":0,"footnotes":""},"categories":[33],"tags":[],"class_list":["post-56380","post","type-post","status-publish","format-standard","has-post-thumbnail","hentry","category-noticias"],"amp_enabled":true,"_links":{"self":[{"href":"https:\/\/www2.comunitaria.com.br\/en\/wp-json\/wp\/v2\/posts\/56380","targetHints":{"allow":["GET"]}}],"collection":[{"href":"https:\/\/www2.comunitaria.com.br\/en\/wp-json\/wp\/v2\/posts"}],"about":[{"href":"https:\/\/www2.comunitaria.com.br\/en\/wp-json\/wp\/v2\/types\/post"}],"author":[{"embeddable":true,"href":"https:\/\/www2.comunitaria.com.br\/en\/wp-json\/wp\/v2\/users\/2"}],"replies":[{"embeddable":true,"href":"https:\/\/www2.comunitaria.com.br\/en\/wp-json\/wp\/v2\/comments?post=56380"}],"version-history":[{"count":0,"href":"https:\/\/www2.comunitaria.com.br\/en\/wp-json\/wp\/v2\/posts\/56380\/revisions"}],"wp:featuredmedia":[{"embeddable":true,"href":"https:\/\/www2.comunitaria.com.br\/en\/wp-json\/wp\/v2\/media\/56381"}],"wp:attachment":[{"href":"https:\/\/www2.comunitaria.com.br\/en\/wp-json\/wp\/v2\/media?parent=56380"}],"wp:term":[{"taxonomy":"category","embeddable":true,"href":"https:\/\/www2.comunitaria.com.br\/en\/wp-json\/wp\/v2\/categories?post=56380"},{"taxonomy":"post_tag","embeddable":true,"href":"https:\/\/www2.comunitaria.com.br\/en\/wp-json\/wp\/v2\/tags?post=56380"}],"curies":[{"name":"wp","href":"https:\/\/api.w.org\/{rel}","templated":true}]}}