{"id":56277,"date":"2022-12-01T08:56:28","date_gmt":"2022-12-01T10:56:28","guid":{"rendered":"http:\/\/www2.comunitaria.com.br\/?p=56277"},"modified":"2022-12-01T09:22:37","modified_gmt":"2022-12-01T11:22:37","slug":"edison-cantarelli-e-eleito-presidente-do-uniao-frederiquense","status":"publish","type":"post","link":"https:\/\/www2.comunitaria.com.br\/en\/edison-cantarelli-e-eleito-presidente-do-uniao-frederiquense\/","title":{"rendered":"Edison Cantarelli \u00e9 eleito presidente do Uni\u00e3o Frederiquense"},"content":{"rendered":"<p>O Uni\u00e3o Frederiquense de Futebol realizou na noite desta quarta-feira, 30, a elei\u00e7\u00e3o que definiu novos nomes para o conselho deliberativo, fiscal e de gest\u00e3o. Pela segunda vez, o professor universit\u00e1rio Edison Cantarelli foi eleito presidente do clube.&nbsp;<\/p>\n<p>Com um quadro renovado, o conselho de gest\u00e3o eleito tamb\u00e9m anunciou um novo modelo a ser colocado em pr\u00e1tica j\u00e1 em 2023. Trata-se de um contrato de parceria com a empresa MDEZ360, comandada pelo empres\u00e1rio Pablo Bueno, respons\u00e1vel pela condu\u00e7\u00e3o da carreira de jogadores como T\u00eate e Ferreirinha.&nbsp;<\/p>\n<p>A empresa montar\u00e1 um staff profissional para cuidar da gest\u00e3o do futebol profissional em parceria com o clube. Segundo a dire\u00e7\u00e3o frederiquense, cerca de 20 atletas j\u00e1 est\u00e3o contratados e chegam em Frederico Westphalen por interm\u00e9dio da MDEZ360. Al\u00e9m de jogadores e&nbsp; comiss\u00e3o t\u00e9cnica, a empresa tamb\u00e9m ir\u00e1 trabalhar&nbsp; em uma fase de prospectar investidores para implementar o modelo de Sociedade An\u00f4nima do Futebol, a SAF.&nbsp;<\/p>\n<p><strong>Uni\u00e3o 2023<\/strong><\/p>\n<p>Segundo o novo presidente do Uni\u00e3o-FW, Edison Cantarelli, ser\u00e3o 10 profissionais da MDEZ360 atuando no clube. O t\u00e9cnico do time, que n\u00e3o foi anunciado, ser\u00e1 algu\u00e9m com passagens recentes pelo futebol da S\u00e9rie B do Campeonato Brasileiro. Al\u00e9m disso, cerca de 20 atletas j\u00e1 est\u00e3o fechados com a equipe, agenciados pela empresa.<\/p>\n<p>O Uni\u00e3o-FW ter\u00e1 calend\u00e1rio cheio em 2023 com uma pr\u00e9-temporada longa, de 120 dias, para preparar f\u00edsica e taticamente os novos jogadores. A nova gest\u00e3o do clube, que tomou posse, ter\u00e1 como principal responsabilidade garantir a estrutura necess\u00e1ria para desenvolver o trabalho, como alojamento, alimenta\u00e7\u00e3o e log\u00edstica.<\/p>\n<p><strong>Nova dire\u00e7\u00e3o administrativa do Uni\u00e3o-FW<\/strong><\/p>\n<p>Presidente: Edison Bisognin Cantareli<\/p>\n<p>Vice-presidente de Planejamento e Finan\u00e7as: Pedro Gelson da Costa<\/p>\n<p>Vice-presidente de Patrim\u00f4nio: Tobias Sponchiado<\/p>\n<p>Vice-presidente de Futebol Profissional: Jos\u00e9 Dalmiro e Silva Luiz<\/p>\n<p>Vice-presidente de Esportes Amadores: Samuel Siqueira da Silva<\/p>\n<p>Vice-presidente de Jur\u00eddica: Lucas Trevisan Ortigara<\/p>\n<p>Vice-presidente de Comunica\u00e7\u00e3o e Marketing: Anderson Marco Folle Sabino da Silva<\/p>\n<p>Vice-presidente de Quadro Social: Diogo Ortigara Girardi<\/p>\n<p>Vice-presidente de Eventos: Jonathan Pertille<\/p>\n<p>Vice-presidente de Log\u00edstica: Alcione Bueno.<\/p>\n<p>&nbsp;<\/p>\n<p>Conselho Deliberativo<\/p>\n<p>1 &#8211; Airton Jos\u00e9 Gutkoski<br \/>\n2 &#8211; Alessando Mees<br \/>\n3 &#8211; Alex Pessotto<br \/>\n4 &#8211; Andr\u00e9 Schimith Damo<br \/>\n5 &#8211; Arlei Bonaf\u00e9<br \/>\n6 &#8211; Belonir Vendruscolo<br \/>\n7 &#8211; Benaldo Sponchiado<br \/>\n8 &#8211; Bruna Girardi<br \/>\n9 &#8211; Carlos Dalcin Junior<br \/>\n10 &#8211; Celio Pinheiro<br \/>\n11 &#8211; Charles Scopel<br \/>\n12 &#8211; Claisson Roberto Gazola<br \/>\n13 &#8211; Claudio Loose<br \/>\n14 &#8211; Darlei Jos\u00e9 Ardenghy<br \/>\n15 &#8211; Denilson Marcos dos Santos<br \/>\n16 &#8211; Diogo Ortigara Girardi<br \/>\n17- &nbsp;Edelar Francisco Milani<br \/>\n18 &#8211; Elton Zanella<br \/>\n19 &#8211; Fabio Alex Rossato<br \/>\n20 &#8211; Jamel Younes<br \/>\n21 &#8211; Jamil Mezzalira<br \/>\n22 &#8211; Jardel Dalla Valle<br \/>\n23 &#8211; Jo\u00e3o Francisco Vendruscolo<br \/>\n24 &#8211; Jonathan Carvalho<br \/>\n25 &#8211; Jorge Alan Souza<br \/>\n26 &#8211; Leandro F\u00e1bio Bertani<br \/>\n27 &#8211; Leonildo Vieira<br \/>\n28 &#8211; Luana Lazzari<br \/>\n29 &#8211; Marcio Bariviera<br \/>\n30 &#8211; Marcos Dalagnol<br \/>\n31 &#8211; Matheus Gutkoski<br \/>\n32 &#8211; Natalino Johan<br \/>\n33 &#8211; Oliverio de Vargas Rosado<br \/>\n34 &#8211; Paulo Strzelecki<br \/>\n35 &#8211; Raul Pazuch da Silva<br \/>\n36 &#8211; Samuel Siqueira da Silva<br \/>\n37 &#8211; Tarso Braz Trombeta<br \/>\n38 &#8211; Tobias Sponchiado<br \/>\n39 &#8211; Vin\u00edcius Hermel<br \/>\n40 &#8211; Volnei Jos\u00e9 Soares Pereira<\/p>\n<p>&nbsp;<\/p>\n<p>Foto: Douglas Cavallini\/ AU<\/p>","protected":false},"excerpt":{"rendered":"<p>O Uni\u00e3o Frederiquense de Futebol realizou na noite desta quarta-feira, 30, a elei\u00e7\u00e3o que definiu novos nomes para o conselho deliberativo, fiscal e de gest\u00e3o. Pela segunda vez, o professor universit\u00e1rio Edison Cantarelli foi eleito presidente do clube.&nbsp; Com um quadro renovado, o conselho de gest\u00e3o eleito tamb\u00e9m anunciou um novo modelo a ser colocado<\/p>\n<div class=\"read-more-wrapper\"><a class=\"read-more\" href=\"https:\/\/www2.comunitaria.com.br\/en\/edison-cantarelli-e-eleito-presidente-do-uniao-frederiquense\/\" title=\"Read More\"> <span class=\"button\">Read More<\/span><\/a><\/div>","protected":false},"author":2,"featured_media":56280,"comment_status":"open","ping_status":"closed","sticky":false,"template":"","format":"standard","meta":{"ngg_post_thumbnail":0,"footnotes":""},"categories":[33],"tags":[],"class_list":["post-56277","post","type-post","status-publish","format-standard","has-post-thumbnail","hentry","category-noticias"],"amp_enabled":true,"_links":{"self":[{"href":"https:\/\/www2.comunitaria.com.br\/en\/wp-json\/wp\/v2\/posts\/56277","targetHints":{"allow":["GET"]}}],"collection":[{"href":"https:\/\/www2.comunitaria.com.br\/en\/wp-json\/wp\/v2\/posts"}],"about":[{"href":"https:\/\/www2.comunitaria.com.br\/en\/wp-json\/wp\/v2\/types\/post"}],"author":[{"embeddable":true,"href":"https:\/\/www2.comunitaria.com.br\/en\/wp-json\/wp\/v2\/users\/2"}],"replies":[{"embeddable":true,"href":"https:\/\/www2.comunitaria.com.br\/en\/wp-json\/wp\/v2\/comments?post=56277"}],"version-history":[{"count":0,"href":"https:\/\/www2.comunitaria.com.br\/en\/wp-json\/wp\/v2\/posts\/56277\/revisions"}],"wp:featuredmedia":[{"embeddable":true,"href":"https:\/\/www2.comunitaria.com.br\/en\/wp-json\/wp\/v2\/media\/56280"}],"wp:attachment":[{"href":"https:\/\/www2.comunitaria.com.br\/en\/wp-json\/wp\/v2\/media?parent=56277"}],"wp:term":[{"taxonomy":"category","embeddable":true,"href":"https:\/\/www2.comunitaria.com.br\/en\/wp-json\/wp\/v2\/categories?post=56277"},{"taxonomy":"post_tag","embeddable":true,"href":"https:\/\/www2.comunitaria.com.br\/en\/wp-json\/wp\/v2\/tags?post=56277"}],"curies":[{"name":"wp","href":"https:\/\/api.w.org\/{rel}","templated":true}]}}