{"id":56271,"date":"2022-11-30T17:20:34","date_gmt":"2022-11-30T19:20:34","guid":{"rendered":"http:\/\/www2.comunitaria.com.br\/?p=56271"},"modified":"2022-11-30T17:20:34","modified_gmt":"2022-11-30T19:20:34","slug":"vila-carmo-sedia-jogos-rurais-de-fw","status":"publish","type":"post","link":"https:\/\/www2.comunitaria.com.br\/en\/vila-carmo-sedia-jogos-rurais-de-fw\/","title":{"rendered":"Vila Carmo sedia Jogos Rurais de FW"},"content":{"rendered":"<p>Promovido pela Administra\u00e7\u00e3o de Frederico Westphalen, por meio Secretaria de Esportes, Emater e Casa Familiar Rural, mais uma edi\u00e7\u00e3o dos Jogos Rurais foi realizada no \u00faltimo domingo, 27 de novembro, na Vila Carmo, em FW.<\/p>\n<p>O momento marcou a retomada das atividades ap\u00f3s o per\u00edodo de pandemia e visa integrar, por meio do esporte, as comunidades do interior do munic\u00edpio.<\/p>\n<p>Ao todo, participaram 10 comunidades do evento e a equipe do S\u00e3o Crist\u00f3v\u00e3o foi a vencedora. J\u00e1 a comunidade da Vila Carmo ficou em segundo e em terceiro lugar, o grupo do S\u00e3o Jo\u00e3o do Porto.<\/p>\n<p>Para o secret\u00e1rio de Esportes de FW, Renato Kreitmeier, estas a\u00e7\u00f5es s\u00e3o extremamente importantes para a integra\u00e7\u00e3o entre as comunidades do interior, promovendo tamb\u00e9m as pr\u00e1ticas esportivas.<\/p>\n<p>A pr\u00f3xima sede dos jogos ser\u00e1 a comunidade de S\u00e3o Crist\u00f3v\u00e3o, no pr\u00f3ximo ano.<\/p>\n<p><strong>Provas disputadas<\/strong><\/p>\n<p>Corrida do ovo na colher, corrida do saco, canastra de casal, serra a madeira, carrinho de m\u00e3o, bocha mista, revezamento de salame, arremesso de ovo cru, troca do monte de milho, prova do feij\u00e3o, cabo de guerra, p\u00eanalti, arremesso do bodoque, entre outras.<\/p>","protected":false},"excerpt":{"rendered":"<p>Promovido pela Administra\u00e7\u00e3o de Frederico Westphalen, por meio Secretaria de Esportes, Emater e Casa Familiar Rural, mais uma edi\u00e7\u00e3o dos Jogos Rurais foi realizada no \u00faltimo domingo, 27 de novembro, na Vila Carmo, em FW. O momento marcou a retomada das atividades ap\u00f3s o per\u00edodo de pandemia e visa integrar, por meio do esporte, as<\/p>\n<div class=\"read-more-wrapper\"><a class=\"read-more\" href=\"https:\/\/www2.comunitaria.com.br\/en\/vila-carmo-sedia-jogos-rurais-de-fw\/\" title=\"Read More\"> <span class=\"button\">Read More<\/span><\/a><\/div>","protected":false},"author":2,"featured_media":56273,"comment_status":"open","ping_status":"closed","sticky":false,"template":"","format":"standard","meta":{"ngg_post_thumbnail":0,"footnotes":""},"categories":[42,33],"tags":[],"class_list":["post-56271","post","type-post","status-publish","format-standard","has-post-thumbnail","hentry","category-fred-west","category-noticias"],"amp_enabled":true,"_links":{"self":[{"href":"https:\/\/www2.comunitaria.com.br\/en\/wp-json\/wp\/v2\/posts\/56271","targetHints":{"allow":["GET"]}}],"collection":[{"href":"https:\/\/www2.comunitaria.com.br\/en\/wp-json\/wp\/v2\/posts"}],"about":[{"href":"https:\/\/www2.comunitaria.com.br\/en\/wp-json\/wp\/v2\/types\/post"}],"author":[{"embeddable":true,"href":"https:\/\/www2.comunitaria.com.br\/en\/wp-json\/wp\/v2\/users\/2"}],"replies":[{"embeddable":true,"href":"https:\/\/www2.comunitaria.com.br\/en\/wp-json\/wp\/v2\/comments?post=56271"}],"version-history":[{"count":0,"href":"https:\/\/www2.comunitaria.com.br\/en\/wp-json\/wp\/v2\/posts\/56271\/revisions"}],"wp:featuredmedia":[{"embeddable":true,"href":"https:\/\/www2.comunitaria.com.br\/en\/wp-json\/wp\/v2\/media\/56273"}],"wp:attachment":[{"href":"https:\/\/www2.comunitaria.com.br\/en\/wp-json\/wp\/v2\/media?parent=56271"}],"wp:term":[{"taxonomy":"category","embeddable":true,"href":"https:\/\/www2.comunitaria.com.br\/en\/wp-json\/wp\/v2\/categories?post=56271"},{"taxonomy":"post_tag","embeddable":true,"href":"https:\/\/www2.comunitaria.com.br\/en\/wp-json\/wp\/v2\/tags?post=56271"}],"curies":[{"name":"wp","href":"https:\/\/api.w.org\/{rel}","templated":true}]}}