{"id":56086,"date":"2022-11-16T17:19:18","date_gmt":"2022-11-16T19:19:18","guid":{"rendered":"http:\/\/www2.comunitaria.com.br\/?p=56086"},"modified":"2022-11-16T17:19:18","modified_gmt":"2022-11-16T19:19:18","slug":"agenda-climatica-sera-prioridade-e-agronegocio-aliado-estrategico-do-governo-diz-lula-na-cop27","status":"publish","type":"post","link":"https:\/\/www2.comunitaria.com.br\/en\/agenda-climatica-sera-prioridade-e-agronegocio-aliado-estrategico-do-governo-diz-lula-na-cop27\/","title":{"rendered":"Agenda clim\u00e1tica ser\u00e1 prioridade, e agroneg\u00f3cio aliado estrat\u00e9gico do governo, diz Lula na COP27"},"content":{"rendered":"<p>O presidente eleito Luiz In\u00e1cio Lula da Silva (PT) discursou nesta quarta-feira (16) \u00e0 comunidade internacional durante a COP27, que acontece em Sharm El-Sheikh, no Egito. Ele garantiu que, em seu governo, a agenda clim\u00e1tica ser\u00e1 prioridade, e o agroneg\u00f3cio ser\u00e1 um \u201caliado estrat\u00e9gico\u201d.<\/p>\n<p>Lula defendeu a gera\u00e7\u00e3o de riqueza sem altera\u00e7\u00e3o do clima e a explora\u00e7\u00e3o respons\u00e1vel da biodiversidade da Amaz\u00f4nia.<\/p>\n<p>\u201cVamos provar que \u00e9 poss\u00edvel promover crescimento econ\u00f4mico e inclus\u00e3o social tendo a natureza como aliada estrat\u00e9gica e n\u00e3o mais como inimiga a ser abatida a golpes de tratores ou motosserras\u201d, disse.<\/p>\n<p>O presidente eleito afirmou que a \u201cprodu\u00e7\u00e3o agr\u00edcola sem equil\u00edbrio ambiental deve ser considerada uma a\u00e7\u00e3o do passado\u201d.<br \/>\nLula afirmou que \u201cn\u00e3o h\u00e1 seguran\u00e7a clim\u00e1tica para o mundo sem uma Amaz\u00f4nia protegida\u201d e prometeu retomar e refor\u00e7ar a\u00e7\u00f5es de combate aos crimes ambientais.<\/p>\n<p>\u201cOs crimes ambientais, que cresceram de forma assustadora durante o governo que est\u00e1 chegando ao fim, ser\u00e3o agora combatidos sem tr\u00e9gua. Vamos recriar e fortalecer todas as organiza\u00e7\u00f5es de fiscaliza\u00e7\u00e3o e o sistema de monitoramento que foram desmontados nos \u00faltimos quatro anos. Vamos punir com todo o rigor o respons\u00e1vel por qualquer atividade ilegal, seja garimpo, seja minera\u00e7\u00e3o, extra\u00e7\u00e3o de madeira ou ocupa\u00e7\u00e3o agropecu\u00e1ria indevida\u201d, disse.<\/p>\n<p>Sem revelar o nome do futuro ministro do Meio Ambiente, o presidente eleito destacou que \u201co combate \u00e0 mudan\u00e7a clim\u00e1tica ter\u00e1 o mais alto perfil na estrutura do pr\u00f3ximo governo\u201d.<br \/>\nLula disse que o Brasil est\u00e1 de \u201cvolta para reatar la\u00e7os com o mundo e ajudar novamente \u00e0 combater a fome no mundo\u201d. O presidente eleito afirmou em seu discurso que o pa\u00eds ir\u00e1 cooperar com os pa\u00edses mais pobres, sobretudo da \u00c1frica, e com os pa\u00edses da Am\u00e9rica do Sul, para \u201clutar por um com\u00e9rcio justo entre as na\u00e7\u00f5es e pela paz entre os povos\u201d.<\/p>\n<p>Ele defendeu ainda uma ordem mundial \u201cpac\u00edfica\u201d e acertada com base no \u201cdi\u00e1logo, multilateralismo e multipolaridade\u201d.<\/p>","protected":false},"excerpt":{"rendered":"<p>O presidente eleito Luiz In\u00e1cio Lula da Silva (PT) discursou nesta quarta-feira (16) \u00e0 comunidade internacional durante a COP27, que acontece em Sharm El-Sheikh, no Egito. Ele garantiu que, em&#8230;<\/p>","protected":false},"author":2,"featured_media":56088,"comment_status":"open","ping_status":"closed","sticky":false,"template":"","format":"standard","meta":{"ngg_post_thumbnail":0,"footnotes":""},"categories":[3615,28],"tags":[],"class_list":["post-56086","post","type-post","status-publish","format-standard","has-post-thumbnail","hentry","category-meio-ambiente","category-destaque"],"amp_enabled":true,"_links":{"self":[{"href":"https:\/\/www2.comunitaria.com.br\/en\/wp-json\/wp\/v2\/posts\/56086","targetHints":{"allow":["GET"]}}],"collection":[{"href":"https:\/\/www2.comunitaria.com.br\/en\/wp-json\/wp\/v2\/posts"}],"about":[{"href":"https:\/\/www2.comunitaria.com.br\/en\/wp-json\/wp\/v2\/types\/post"}],"author":[{"embeddable":true,"href":"https:\/\/www2.comunitaria.com.br\/en\/wp-json\/wp\/v2\/users\/2"}],"replies":[{"embeddable":true,"href":"https:\/\/www2.comunitaria.com.br\/en\/wp-json\/wp\/v2\/comments?post=56086"}],"version-history":[{"count":0,"href":"https:\/\/www2.comunitaria.com.br\/en\/wp-json\/wp\/v2\/posts\/56086\/revisions"}],"wp:featuredmedia":[{"embeddable":true,"href":"https:\/\/www2.comunitaria.com.br\/en\/wp-json\/wp\/v2\/media\/56088"}],"wp:attachment":[{"href":"https:\/\/www2.comunitaria.com.br\/en\/wp-json\/wp\/v2\/media?parent=56086"}],"wp:term":[{"taxonomy":"category","embeddable":true,"href":"https:\/\/www2.comunitaria.com.br\/en\/wp-json\/wp\/v2\/categories?post=56086"},{"taxonomy":"post_tag","embeddable":true,"href":"https:\/\/www2.comunitaria.com.br\/en\/wp-json\/wp\/v2\/tags?post=56086"}],"curies":[{"name":"wp","href":"https:\/\/api.w.org\/{rel}","templated":true}]}}