{"id":56020,"date":"2022-11-10T17:25:31","date_gmt":"2022-11-10T19:25:31","guid":{"rendered":"http:\/\/www2.comunitaria.com.br\/?p=56020"},"modified":"2022-11-10T17:25:31","modified_gmt":"2022-11-10T19:25:31","slug":"aprovado-projeto-do-executivo-que-visa-regulamentacao-e-comunicacao-para-abertura-de-vias-publicas","status":"publish","type":"post","link":"https:\/\/www2.comunitaria.com.br\/en\/aprovado-projeto-do-executivo-que-visa-regulamentacao-e-comunicacao-para-abertura-de-vias-publicas\/","title":{"rendered":"Aprovado Projeto do Executivo que visa regulamenta\u00e7\u00e3o e comunica\u00e7\u00e3o para abertura de vias p\u00fablicas"},"content":{"rendered":"<p>Projeto que visa regulamenta\u00e7\u00e3o e comunica\u00e7\u00e3o para abertura de vias p\u00fablicas, tornou-se comum no munic\u00edpio de Frederico Westphalen, a abertura de vias p\u00fablicas sem a devida autoriza\u00e7\u00e3o.<\/p>\n<p>Desta forma, por meio do Projeto de Lei n\u00ba 109\/2022, aprovado na noite de ter\u00e7a-feira, 8, na C\u00e2mara de Vereadores, o Poder Executivo busca impor normas, limites e prazos para resolver este problema.<\/p>\n<p>De acordo com o vice-prefeito, Jo\u00e3o Vendruscolo, autor da proposi\u00e7\u00e3o, este projeto visa regulamenta\u00e7\u00e3o e comunica\u00e7\u00e3o para abertura de vias p\u00fablicas. Os reparos e as extens\u00f5es de rede&nbsp; por parte de companhias devem estar em conson\u00e2ncia com o Poder Executivo, sendo que essa proposta visa vias menos esburacadas, diminuindo tempo de recupera\u00e7\u00e3o e uma melhor fiscaliza\u00e7\u00e3o por parte dos t\u00e9cnicos, proporcionando uma melhor trafegabilidade aos condutores. \u201cMuitas vezes n\u00e3o somos comunicados da abertura de vala na \u00e1rea urbana, e para ter um servi\u00e7o mais \u00e1gil e conclusivo necessitamos ter essa informa\u00e7\u00e3o, que temos certeza que as CIas ser\u00e3o nossas parcerias nessa legisla\u00e7\u00e3o\u201d, destaca Vendruscolo.<\/p>\n<p>Sendo assim, haver\u00e1 prazo de cinco dias para o conserto. Al\u00e9m disso, as obras de iniciativa das cession\u00e1rias de servi\u00e7o p\u00fablico somente poder\u00e3o ser executadas mediante comunica\u00e7\u00e3o pr\u00e9via e formal, atrav\u00e9s de protocolo junto \u00e0 Secretaria Municipal de Obras, Via\u00e7\u00e3o e Servi\u00e7os Urbanos e ao Departamento Municipal de Tr\u00e2nsito e Mobilidade. Tamb\u00e9m dever\u00e1 ser anexado um registro fotogr\u00e1fico anterior ao in\u00edcio das obras, com anteced\u00eancia m\u00ednima de cinco dias \u00fateis.<\/p>\n<p>J\u00e1 as obras de iniciativa de particulares somente poder\u00e3o ser executadas mediante requerimento protocolado junto \u00e0 Secretaria Municipal de Coordena\u00e7\u00e3o e Planejamento e ao Departamento Municipal de Tr\u00e2nsito e Mobilidade, acompanhado de um projeto de loca\u00e7\u00e3o de rede com os pontos de dissipa\u00e7\u00e3o mais pr\u00f3ximos, devidamente assinado por t\u00e9cnico habilitado, o qual, ser\u00e1 analisado no prazo de 20 dias corridos.<\/p>\n<p>&nbsp;<\/p>","protected":false},"excerpt":{"rendered":"<p>Projeto que visa regulamenta\u00e7\u00e3o e comunica\u00e7\u00e3o para abertura de vias p\u00fablicas, tornou-se comum no munic\u00edpio de Frederico Westphalen, a abertura de vias p\u00fablicas sem a devida autoriza\u00e7\u00e3o. Desta forma, por&#8230;<\/p>","protected":false},"author":2,"featured_media":56022,"comment_status":"open","ping_status":"closed","sticky":false,"template":"","format":"standard","meta":{"ngg_post_thumbnail":0,"footnotes":""},"categories":[42,33],"tags":[],"class_list":["post-56020","post","type-post","status-publish","format-standard","has-post-thumbnail","hentry","category-fred-west","category-noticias"],"amp_enabled":true,"_links":{"self":[{"href":"https:\/\/www2.comunitaria.com.br\/en\/wp-json\/wp\/v2\/posts\/56020","targetHints":{"allow":["GET"]}}],"collection":[{"href":"https:\/\/www2.comunitaria.com.br\/en\/wp-json\/wp\/v2\/posts"}],"about":[{"href":"https:\/\/www2.comunitaria.com.br\/en\/wp-json\/wp\/v2\/types\/post"}],"author":[{"embeddable":true,"href":"https:\/\/www2.comunitaria.com.br\/en\/wp-json\/wp\/v2\/users\/2"}],"replies":[{"embeddable":true,"href":"https:\/\/www2.comunitaria.com.br\/en\/wp-json\/wp\/v2\/comments?post=56020"}],"version-history":[{"count":0,"href":"https:\/\/www2.comunitaria.com.br\/en\/wp-json\/wp\/v2\/posts\/56020\/revisions"}],"wp:featuredmedia":[{"embeddable":true,"href":"https:\/\/www2.comunitaria.com.br\/en\/wp-json\/wp\/v2\/media\/56022"}],"wp:attachment":[{"href":"https:\/\/www2.comunitaria.com.br\/en\/wp-json\/wp\/v2\/media?parent=56020"}],"wp:term":[{"taxonomy":"category","embeddable":true,"href":"https:\/\/www2.comunitaria.com.br\/en\/wp-json\/wp\/v2\/categories?post=56020"},{"taxonomy":"post_tag","embeddable":true,"href":"https:\/\/www2.comunitaria.com.br\/en\/wp-json\/wp\/v2\/tags?post=56020"}],"curies":[{"name":"wp","href":"https:\/\/api.w.org\/{rel}","templated":true}]}}