{"id":56007,"date":"2022-11-10T16:56:51","date_gmt":"2022-11-10T18:56:51","guid":{"rendered":"http:\/\/www2.comunitaria.com.br\/?p=56007"},"modified":"2022-11-10T17:02:13","modified_gmt":"2022-11-10T19:02:13","slug":"em-primeira-visita-a-brasilia-como-presidente-eleito-lula-se-reune-com-lira-e-pacheco","status":"publish","type":"post","link":"https:\/\/www2.comunitaria.com.br\/en\/em-primeira-visita-a-brasilia-como-presidente-eleito-lula-se-reune-com-lira-e-pacheco\/","title":{"rendered":"Em primeira visita a Bras\u00edlia como presidente eleito, Lula se re\u00fane com Lira e Pacheco"},"content":{"rendered":"<p>O presidente eleito Luiz In\u00e1cio Lula da Silva (PT) se reuniu na manh\u00e3 desta quarta-feira (9) com os presidentes da C\u00e2mara dos Deputados, Arthur Lira (PP-AL), e do Senado, Rodrigo Pacheco (PSD-MG). O vice-presidente eleito Geraldo Alckmin tamb\u00e9m participou.<br \/>\nOs encontros aconteceram nas resid\u00eancias oficiais da C\u00e2mara e do Senado, localizadas na Pen\u00ednsula dos Ministros, \u00e1rea nobre de Bras\u00edlia.<\/p>\n<p>Esta \u00e9 a primeira visita de Lula a Bras\u00edlia desde que venceu o presidente Jair Bolsonaro (PL) na disputa eleitoral. Um dos l\u00edderes do Centr\u00e3o, Arthur Lira apoiou a reelei\u00e7\u00e3o de Bolsonaro. Lira dever\u00e1 buscar a reelei\u00e7\u00e3o na Presid\u00eancia da C\u00e2mara em fevereiro.<\/p>\n<p>Lula n\u00e3o falou com a imprensa ap\u00f3s os encontros nas resid\u00eancias oficiais da C\u00e2mara e do Senado.<br \/>\nA agenda do presidente eleito tamb\u00e9m inclui, no fim da tarde, encontros com os presidentes do Supremo Tribunal Federal (STF), ministra Rosa Weber, e do Tribunal Superior Eleitoral (TSE), ministro Alexandre de Moraes (leia detalhes mais abaixo).<\/p>\n<p>Antes do encontro com Lira, Lula postou a seguinte mensagem em uma rede social: &#8220;Estamos empenhados na constru\u00e7\u00e3o de um futuro melhor para todos os brasileiros e brasileiras, com muita democracia. Hoje estou em Bras\u00edlia. Bom dia.&#8221;<\/p>\n<p>Tamb\u00e9m participaram da reuni\u00e3o com Lira os deputados Jos\u00e9 Guimar\u00e3es (PT-CE), Reginaldo Lopes (PT-MG) e Gleisi Hoffmann (PT-PR), presidente do PT, al\u00e9m do ex-ministro Aloizio Mercadante.<\/p>","protected":false},"excerpt":{"rendered":"<p>O presidente eleito Luiz In\u00e1cio Lula da Silva (PT) se reuniu na manh\u00e3 desta quarta-feira (9) com os presidentes da C\u00e2mara dos Deputados, Arthur Lira (PP-AL), e do Senado, Rodrigo&#8230;<\/p>","protected":false},"author":2,"featured_media":56014,"comment_status":"open","ping_status":"closed","sticky":false,"template":"","format":"standard","meta":{"ngg_post_thumbnail":0,"footnotes":""},"categories":[6173,28,33,38],"tags":[],"class_list":["post-56007","post","type-post","status-publish","format-standard","has-post-thumbnail","hentry","category-eleicoes-2022","category-destaque","category-noticias","category-politica"],"amp_enabled":true,"_links":{"self":[{"href":"https:\/\/www2.comunitaria.com.br\/en\/wp-json\/wp\/v2\/posts\/56007","targetHints":{"allow":["GET"]}}],"collection":[{"href":"https:\/\/www2.comunitaria.com.br\/en\/wp-json\/wp\/v2\/posts"}],"about":[{"href":"https:\/\/www2.comunitaria.com.br\/en\/wp-json\/wp\/v2\/types\/post"}],"author":[{"embeddable":true,"href":"https:\/\/www2.comunitaria.com.br\/en\/wp-json\/wp\/v2\/users\/2"}],"replies":[{"embeddable":true,"href":"https:\/\/www2.comunitaria.com.br\/en\/wp-json\/wp\/v2\/comments?post=56007"}],"version-history":[{"count":0,"href":"https:\/\/www2.comunitaria.com.br\/en\/wp-json\/wp\/v2\/posts\/56007\/revisions"}],"wp:featuredmedia":[{"embeddable":true,"href":"https:\/\/www2.comunitaria.com.br\/en\/wp-json\/wp\/v2\/media\/56014"}],"wp:attachment":[{"href":"https:\/\/www2.comunitaria.com.br\/en\/wp-json\/wp\/v2\/media?parent=56007"}],"wp:term":[{"taxonomy":"category","embeddable":true,"href":"https:\/\/www2.comunitaria.com.br\/en\/wp-json\/wp\/v2\/categories?post=56007"},{"taxonomy":"post_tag","embeddable":true,"href":"https:\/\/www2.comunitaria.com.br\/en\/wp-json\/wp\/v2\/tags?post=56007"}],"curies":[{"name":"wp","href":"https:\/\/api.w.org\/{rel}","templated":true}]}}