{"id":55987,"date":"2022-11-09T17:03:54","date_gmt":"2022-11-09T19:03:54","guid":{"rendered":"http:\/\/www2.comunitaria.com.br\/?p=55987"},"modified":"2022-11-09T17:03:54","modified_gmt":"2022-11-09T19:03:54","slug":"copa-frederiquense-de-futebol-de-campo-define-finalistas","status":"publish","type":"post","link":"https:\/\/www2.comunitaria.com.br\/en\/copa-frederiquense-de-futebol-de-campo-define-finalistas\/","title":{"rendered":"Copa Frederiquense de Futebol de Campo define finalistas"},"content":{"rendered":"<p>No \u00faltimo domingo, 06, a Copa Frederiquense de Futebol de Campo definiu seus finalistas. No primeiro jogo da semifinal a equipe do S\u00e3o Crist\u00f3v\u00e3o venceu a equipe do TDB F.C pelo placar de 3&#215;1 e garantiu a vaga na final para disputar o t\u00edtulo contra o Gr\u00eamio Castelinho, que avan\u00e7ou \u00e0 final ap\u00f3s vit\u00f3ria sobre a Ponte Preta\/ Posto Serrano por 2&#215;1.<\/p>\n<p>As equipes voltam a campo em duas semanas para decidir quem ser\u00e1 o grande campe\u00e3o da Copa. A disputa da final vai acontecer no domingo, 20, na Arena Uni\u00e3o, \u00e0s 19h.<\/p>","protected":false},"excerpt":{"rendered":"<p>No \u00faltimo domingo, 06, a Copa Frederiquense de Futebol de Campo definiu seus finalistas. No primeiro jogo da semifinal a equipe do S\u00e3o Crist\u00f3v\u00e3o venceu a equipe do TDB F.C&#8230;<\/p>","protected":false},"author":2,"featured_media":55989,"comment_status":"open","ping_status":"closed","sticky":false,"template":"","format":"standard","meta":{"ngg_post_thumbnail":0,"footnotes":""},"categories":[28,33],"tags":[],"class_list":["post-55987","post","type-post","status-publish","format-standard","has-post-thumbnail","hentry","category-destaque","category-noticias"],"amp_enabled":true,"_links":{"self":[{"href":"https:\/\/www2.comunitaria.com.br\/en\/wp-json\/wp\/v2\/posts\/55987","targetHints":{"allow":["GET"]}}],"collection":[{"href":"https:\/\/www2.comunitaria.com.br\/en\/wp-json\/wp\/v2\/posts"}],"about":[{"href":"https:\/\/www2.comunitaria.com.br\/en\/wp-json\/wp\/v2\/types\/post"}],"author":[{"embeddable":true,"href":"https:\/\/www2.comunitaria.com.br\/en\/wp-json\/wp\/v2\/users\/2"}],"replies":[{"embeddable":true,"href":"https:\/\/www2.comunitaria.com.br\/en\/wp-json\/wp\/v2\/comments?post=55987"}],"version-history":[{"count":0,"href":"https:\/\/www2.comunitaria.com.br\/en\/wp-json\/wp\/v2\/posts\/55987\/revisions"}],"wp:featuredmedia":[{"embeddable":true,"href":"https:\/\/www2.comunitaria.com.br\/en\/wp-json\/wp\/v2\/media\/55989"}],"wp:attachment":[{"href":"https:\/\/www2.comunitaria.com.br\/en\/wp-json\/wp\/v2\/media?parent=55987"}],"wp:term":[{"taxonomy":"category","embeddable":true,"href":"https:\/\/www2.comunitaria.com.br\/en\/wp-json\/wp\/v2\/categories?post=55987"},{"taxonomy":"post_tag","embeddable":true,"href":"https:\/\/www2.comunitaria.com.br\/en\/wp-json\/wp\/v2\/tags?post=55987"}],"curies":[{"name":"wp","href":"https:\/\/api.w.org\/{rel}","templated":true}]}}