{"id":55949,"date":"2022-11-07T17:12:04","date_gmt":"2022-11-07T19:12:04","guid":{"rendered":"http:\/\/www2.comunitaria.com.br\/?p=55949"},"modified":"2022-11-07T17:12:04","modified_gmt":"2022-11-07T19:12:04","slug":"smec-divulga-edital-sobre-vagas-em-creches","status":"publish","type":"post","link":"https:\/\/www2.comunitaria.com.br\/en\/smec-divulga-edital-sobre-vagas-em-creches\/","title":{"rendered":"Smec divulga edital sobre vagas em creches"},"content":{"rendered":"<p>A Administra\u00e7\u00e3o de Frederico Westphalen, por meio da Secretaria Municipal de Educa\u00e7\u00e3o e Cultura (Smec), publicou edital que estabelece as diretrizes do processo de cadastro de pr\u00e9-matr\u00edculas e matr\u00edculas para os alunos na educa\u00e7\u00e3o infantil \u2013 creche para o ano letivo de 2023.<\/p>\n<p>Podem participar as fam\u00edlias residentes no munic\u00edpio de Frederico Westphalen, interessadas em concorrer a uma vaga para o atendimento \u00e0s crian\u00e7as de quatro meses a tr\u00eas anos e onze meses, na educa\u00e7\u00e3o infantil, primeira etapa da Educa\u00e7\u00e3o B\u00e1sica.<\/p>\n<p>O cadastro deve ser realizado nas secretarias das respectivas Escolas Municipais de Educa\u00e7\u00e3o Infantil, no per\u00edodo de 7 a 18 de novembro.<\/p>\n<p>Acesse o edital e saiba mais. Link para o edital: <a href=\"https:\/\/www.fredericowestphalen-rs.com.br\/edital\/161\/edital-131-prematriculas-e-matriculas-emeis-ano-letivo-2023\">https:\/\/www.fredericowestphalen-rs.com.br\/edital\/161\/edital-131-prematriculas-e-matriculas-emeis-ano-letivo-2023<\/a><\/p>","protected":false},"excerpt":{"rendered":"<p>A Administra\u00e7\u00e3o de Frederico Westphalen, por meio da Secretaria Municipal de Educa\u00e7\u00e3o e Cultura (Smec), publicou edital que estabelece as diretrizes do processo de cadastro de pr\u00e9-matr\u00edculas e matr\u00edculas para os alunos na educa\u00e7\u00e3o infantil \u2013 creche para o ano letivo de 2023. Podem participar as fam\u00edlias residentes no munic\u00edpio de Frederico Westphalen, interessadas em<\/p>\n<div class=\"read-more-wrapper\"><a class=\"read-more\" href=\"https:\/\/www2.comunitaria.com.br\/en\/smec-divulga-edital-sobre-vagas-em-creches\/\" title=\"Read More\"> <span class=\"button\">Read More<\/span><\/a><\/div>","protected":false},"author":2,"featured_media":55951,"comment_status":"open","ping_status":"closed","sticky":false,"template":"","format":"standard","meta":{"ngg_post_thumbnail":0,"footnotes":""},"categories":[42,33],"tags":[],"class_list":["post-55949","post","type-post","status-publish","format-standard","has-post-thumbnail","hentry","category-fred-west","category-noticias"],"amp_enabled":true,"_links":{"self":[{"href":"https:\/\/www2.comunitaria.com.br\/en\/wp-json\/wp\/v2\/posts\/55949","targetHints":{"allow":["GET"]}}],"collection":[{"href":"https:\/\/www2.comunitaria.com.br\/en\/wp-json\/wp\/v2\/posts"}],"about":[{"href":"https:\/\/www2.comunitaria.com.br\/en\/wp-json\/wp\/v2\/types\/post"}],"author":[{"embeddable":true,"href":"https:\/\/www2.comunitaria.com.br\/en\/wp-json\/wp\/v2\/users\/2"}],"replies":[{"embeddable":true,"href":"https:\/\/www2.comunitaria.com.br\/en\/wp-json\/wp\/v2\/comments?post=55949"}],"version-history":[{"count":0,"href":"https:\/\/www2.comunitaria.com.br\/en\/wp-json\/wp\/v2\/posts\/55949\/revisions"}],"wp:featuredmedia":[{"embeddable":true,"href":"https:\/\/www2.comunitaria.com.br\/en\/wp-json\/wp\/v2\/media\/55951"}],"wp:attachment":[{"href":"https:\/\/www2.comunitaria.com.br\/en\/wp-json\/wp\/v2\/media?parent=55949"}],"wp:term":[{"taxonomy":"category","embeddable":true,"href":"https:\/\/www2.comunitaria.com.br\/en\/wp-json\/wp\/v2\/categories?post=55949"},{"taxonomy":"post_tag","embeddable":true,"href":"https:\/\/www2.comunitaria.com.br\/en\/wp-json\/wp\/v2\/tags?post=55949"}],"curies":[{"name":"wp","href":"https:\/\/api.w.org\/{rel}","templated":true}]}}