{"id":55883,"date":"2022-11-01T17:16:00","date_gmt":"2022-11-01T19:16:00","guid":{"rendered":"http:\/\/www2.comunitaria.com.br\/?p=55883"},"modified":"2022-11-01T17:16:00","modified_gmt":"2022-11-01T19:16:00","slug":"sicredi-apoia-realizacao-de-projeto-que-preve-a-criacao-de-escritorio-de-inovacao-no-noroeste-gaucho","status":"publish","type":"post","link":"https:\/\/www2.comunitaria.com.br\/en\/sicredi-apoia-realizacao-de-projeto-que-preve-a-criacao-de-escritorio-de-inovacao-no-noroeste-gaucho\/","title":{"rendered":"Sicredi apoia realiza\u00e7\u00e3o de projeto que prev\u00ea a cria\u00e7\u00e3o de Escrit\u00f3rio de Inova\u00e7\u00e3o no Noroeste Ga\u00facho"},"content":{"rendered":"<p>Com a finalidade de apoiar o desenvolvimento econ\u00f4mico e social dos munic\u00edpios onde est\u00e1 inserido, o Sicredi incentiva a realiza\u00e7\u00e3o de projetos voltados ao empreendedorismo, tecnologia e inova\u00e7\u00e3o. Por isso, Sicredi Regi\u00e3o da Produ\u00e7\u00e3o, Sicredi Conex\u00e3o e Sicredi Ra\u00edzes se uniram em uma parceria com a Universidade Federal de Santa Maria (UFSM) e o Conselho Regional de Desenvolvimento Rio da V\u00e1rzea (COREDE-RV) para a implementa\u00e7\u00e3o do projeto \u201cEmpreendedorismo, Produ\u00e7\u00e3o Tecnol\u00f3gica e Inova\u00e7\u00e3o no Noroeste Rio-Grandense\u201d.<\/p>\n<p>Objetivo \u00e9 fomentar o empreendedorismo, inova\u00e7\u00e3o e desenvolvimento regional nos 216 munic\u00edpios componentes da Mesorregi\u00e3o Noroeste Rio-Grandense por meio de um Escrit\u00f3rio Local de Inova\u00e7\u00e3o.<\/p>\n<p>Segundo o professor da Universidade Federal de Santa Maria, Nelson Pinto, que \u00e9 coordenador do Projeto, \u201ch\u00e1 um movimento mundial relacionado ao fomento e apoio da inova\u00e7\u00e3o e empreendedorismo por meio das startups e apoio \u00e0s micro e pequenas empresas. A motiva\u00e7\u00e3o do projeto \u00e9 fortalecer e estimular a sociedade e suas lideran\u00e7as a assumirem responsabilidades sobre processos que podem proporcionar o fortalecimento regional\u201d.<\/p>\n<p>O primeiro passo, que deve ter in\u00edcio ainda neste ano, prev\u00ea um diagn\u00f3stico dos problemas de gest\u00e3o e proposi\u00e7\u00e3o de melhorias nos processos das microempresas presentes na regi\u00e3o de abrang\u00eancia do estudo. Ap\u00f3s, ser\u00e3o realizadas capacita\u00e7\u00f5es para gestores dessas empresas por meio de workshop. &nbsp;O projeto segue ainda com alguns passos, como especializa\u00e7\u00f5es para jovens envolvidos no tema, articula\u00e7\u00e3o de espa\u00e7os regionais de encuba\u00e7\u00e3o para pequenos empreendimentos, at\u00e9 a formula\u00e7\u00e3o de pol\u00edticas p\u00fablicas que permitam incentivar o crescimento da competitividade de mercado e estimular o desenvolvimento regional. A previs\u00e3o \u00e9 que as atividades sejam finalizadas em um per\u00edodo de cinco anos.<\/p>\n<p>Para o Presidente da Sicredi Ra\u00edzes, Vitor Rizzardi, \u201co projeto que apoiamos de forma cooperativa fomenta o empreendedorismo, a tecnologia e a inova\u00e7\u00e3o nos munic\u00edpios da regi\u00e3o. A longo prazo seremos parceiros na promo\u00e7\u00e3o do desenvolvimento econ\u00f4mico e social, gerando impacto positivo\u201d.<\/p>\n<p>\u201cMais uma vez a intercoopera\u00e7\u00e3o e parceria com entidades, mostra o quanto temos mais for\u00e7a quando atuamos coletivamente, e como juntos podemos impulsionar temas de extrema relev\u00e2ncia e que podem trazer resultados extraordin\u00e1rios para o desenvolvimento dos nossos associados, e da sociedade como um todo. Enquanto Cooperativa, refor\u00e7amos o nosso compromisso de apoiar diferentes iniciativas que possam transformar a nossa sociedade\u201d, complementa a presidente da Sicredi Conex\u00e3o, Angelita Marisa Cadon\u00e1.<\/p>","protected":false},"excerpt":{"rendered":"<p>Com a finalidade de apoiar o desenvolvimento econ\u00f4mico e social dos munic\u00edpios onde est\u00e1 inserido, o Sicredi incentiva a realiza\u00e7\u00e3o de projetos voltados ao empreendedorismo, tecnologia e inova\u00e7\u00e3o. Por isso,&#8230;<\/p>","protected":false},"author":2,"featured_media":55885,"comment_status":"open","ping_status":"closed","sticky":false,"template":"","format":"standard","meta":{"ngg_post_thumbnail":0,"footnotes":""},"categories":[28,33],"tags":[],"class_list":["post-55883","post","type-post","status-publish","format-standard","has-post-thumbnail","hentry","category-destaque","category-noticias"],"amp_enabled":true,"_links":{"self":[{"href":"https:\/\/www2.comunitaria.com.br\/en\/wp-json\/wp\/v2\/posts\/55883","targetHints":{"allow":["GET"]}}],"collection":[{"href":"https:\/\/www2.comunitaria.com.br\/en\/wp-json\/wp\/v2\/posts"}],"about":[{"href":"https:\/\/www2.comunitaria.com.br\/en\/wp-json\/wp\/v2\/types\/post"}],"author":[{"embeddable":true,"href":"https:\/\/www2.comunitaria.com.br\/en\/wp-json\/wp\/v2\/users\/2"}],"replies":[{"embeddable":true,"href":"https:\/\/www2.comunitaria.com.br\/en\/wp-json\/wp\/v2\/comments?post=55883"}],"version-history":[{"count":0,"href":"https:\/\/www2.comunitaria.com.br\/en\/wp-json\/wp\/v2\/posts\/55883\/revisions"}],"wp:featuredmedia":[{"embeddable":true,"href":"https:\/\/www2.comunitaria.com.br\/en\/wp-json\/wp\/v2\/media\/55885"}],"wp:attachment":[{"href":"https:\/\/www2.comunitaria.com.br\/en\/wp-json\/wp\/v2\/media?parent=55883"}],"wp:term":[{"taxonomy":"category","embeddable":true,"href":"https:\/\/www2.comunitaria.com.br\/en\/wp-json\/wp\/v2\/categories?post=55883"},{"taxonomy":"post_tag","embeddable":true,"href":"https:\/\/www2.comunitaria.com.br\/en\/wp-json\/wp\/v2\/tags?post=55883"}],"curies":[{"name":"wp","href":"https:\/\/api.w.org\/{rel}","templated":true}]}}