{"id":55878,"date":"2022-10-31T17:04:29","date_gmt":"2022-10-31T19:04:29","guid":{"rendered":"http:\/\/www2.comunitaria.com.br\/?p=55878"},"modified":"2022-10-31T17:04:29","modified_gmt":"2022-10-31T19:04:29","slug":"copa-amzop-sesc-de-futsal-frederico-westphalen-lidera-no-masculino-e-feminino","status":"publish","type":"post","link":"https:\/\/www2.comunitaria.com.br\/en\/copa-amzop-sesc-de-futsal-frederico-westphalen-lidera-no-masculino-e-feminino\/","title":{"rendered":"Copa AMZOP\/SESC de futsal: Frederico Westphalen lidera no masculino e feminino"},"content":{"rendered":"<p>A terceira edi\u00e7\u00e3o da Copa AMZOP\/SESC de futsal teve seu in\u00edcio no m\u00eas de outubro, com 54 equipes na disputa, somando as categorias feminino e masculino. No \u00faltimo fim de semana aconteceu a segunda rodada da competi\u00e7\u00e3o com vit\u00f3rias para FW.<\/p>\n<p>Pelo grupo F do Masculino, a bola rolou em Cai\u00e7ara, na \u00faltima sexta-feira, 28. No confronto contra a equipe de Vicente Dutra, o time frederiquense goleou pelo placar de 5&#215;0. Com o resultado Frederico Westphalen lidera seu grupo, com duas vit\u00f3rias e saldo positivo de 11 gols, seguido por Cerro Grande, com duas vit\u00f3rias tamb\u00e9m e saldo positivo de 3 gols.<\/p>\n<p>No Feminino, as \u201cgurias\u201d de Frederico Westphalen foram a Palmitinho, no \u00faltimo s\u00e1bado, 29, para enfrentar a equipe de Seberi, em confronto direto pela lideran\u00e7a do Grupo A.<\/p>\n<p>Com a vit\u00f3ria por 2&#215;1, FW lidera o grupo com 6 pontos, seguido por Seberi, com 3 pontos.<\/p>\n<p>A pr\u00f3xima rodada do Masculino acontece nesta sexta-feira, 4, \u00e0s 20 horas, em Novo Tiradentes, com a partida entre Frederico Westphalen x Cai\u00e7ara.<\/p>\n<p>No Feminino, as \u201cgurias\u201d v\u00e3o a Seberi para enfrentar a equipe de Sagrada Fam\u00edlia, no s\u00e1bado, 5, \u00e0s 19h30min.&nbsp;<\/p>\n<p>Ambos os jogos do Masculinio e Feminino s\u00e3o v\u00e1lidos pela terceira rodada da competi\u00e7\u00e3o.<\/p>","protected":false},"excerpt":{"rendered":"<p>A terceira edi\u00e7\u00e3o da Copa AMZOP\/SESC de futsal teve seu in\u00edcio no m\u00eas de outubro, com 54 equipes na disputa, somando as categorias feminino e masculino. No \u00faltimo fim de&#8230;<\/p>","protected":false},"author":2,"featured_media":55880,"comment_status":"open","ping_status":"closed","sticky":false,"template":"","format":"standard","meta":{"ngg_post_thumbnail":0,"footnotes":""},"categories":[33],"tags":[],"class_list":["post-55878","post","type-post","status-publish","format-standard","has-post-thumbnail","hentry","category-noticias"],"amp_enabled":true,"_links":{"self":[{"href":"https:\/\/www2.comunitaria.com.br\/en\/wp-json\/wp\/v2\/posts\/55878","targetHints":{"allow":["GET"]}}],"collection":[{"href":"https:\/\/www2.comunitaria.com.br\/en\/wp-json\/wp\/v2\/posts"}],"about":[{"href":"https:\/\/www2.comunitaria.com.br\/en\/wp-json\/wp\/v2\/types\/post"}],"author":[{"embeddable":true,"href":"https:\/\/www2.comunitaria.com.br\/en\/wp-json\/wp\/v2\/users\/2"}],"replies":[{"embeddable":true,"href":"https:\/\/www2.comunitaria.com.br\/en\/wp-json\/wp\/v2\/comments?post=55878"}],"version-history":[{"count":0,"href":"https:\/\/www2.comunitaria.com.br\/en\/wp-json\/wp\/v2\/posts\/55878\/revisions"}],"wp:featuredmedia":[{"embeddable":true,"href":"https:\/\/www2.comunitaria.com.br\/en\/wp-json\/wp\/v2\/media\/55880"}],"wp:attachment":[{"href":"https:\/\/www2.comunitaria.com.br\/en\/wp-json\/wp\/v2\/media?parent=55878"}],"wp:term":[{"taxonomy":"category","embeddable":true,"href":"https:\/\/www2.comunitaria.com.br\/en\/wp-json\/wp\/v2\/categories?post=55878"},{"taxonomy":"post_tag","embeddable":true,"href":"https:\/\/www2.comunitaria.com.br\/en\/wp-json\/wp\/v2\/tags?post=55878"}],"curies":[{"name":"wp","href":"https:\/\/api.w.org\/{rel}","templated":true}]}}