{"id":55831,"date":"2022-10-28T10:33:03","date_gmt":"2022-10-28T12:33:03","guid":{"rendered":"http:\/\/www2.comunitaria.com.br\/?p=55831"},"modified":"2022-10-28T10:33:03","modified_gmt":"2022-10-28T12:33:03","slug":"a-melhor-vacina-e-pegar-a-doenca-diz-onyx-lorenzoni-no-ultimo-debate","status":"publish","type":"post","link":"https:\/\/www2.comunitaria.com.br\/en\/a-melhor-vacina-e-pegar-a-doenca-diz-onyx-lorenzoni-no-ultimo-debate\/","title":{"rendered":"&#8220;A melhor vacina \u00e9 pegar a doen\u00e7a&#8221;, diz Onyx Lorenzoni no \u00faltimo debate"},"content":{"rendered":"<p>O candidato ao Governo do Rio Grande do Sul, Onyx Lorenzoni (PL) minimizou a import\u00e2ncia da vacina\u00e7\u00e3o durante o debate realizado pela RBS TV, na noite desta quinta-feira, 27, ao ser questionado sobre a pandemida da covid-19.<\/p>\n<p>\u201cA melhor vacina que existe \u00e9 pegar a doen\u00e7a, todo mundo sabe disso\u201d, disse Onyx, que disputa o segundo turno contra Eduardo Leite (PSDB), que chamou a fala do advers\u00e1rio de &#8220;desumana&#8221;.<br \/>\n&#8220;Ele acabou de dizer que a melhor vacina \u00e9 pegar a doen\u00e7a, isso at\u00e9 me machuca, candidato, porque morreram mais de 40 mil ga\u00fachos, mais de 600 mil brasileiros. Essa tese de que deveria haver a chamada mortalidade de rebanho, deixar todo mundo pegar, isso \u00e9 desumanidade&#8221;, afirmou o tucano.<\/p>\n<p>A declara\u00e7\u00e3o de Lorenzoni, que ocupou quatro minist\u00e9rios diferentes no governo de Jair Bolsonaro (PL), foi alvo de cr\u00edticas nas redes sociais.<\/p>","protected":false},"excerpt":{"rendered":"<p>O candidato ao Governo do Rio Grande do Sul, Onyx Lorenzoni (PL) minimizou a import\u00e2ncia da vacina\u00e7\u00e3o durante o debate realizado pela RBS TV, na noite desta quinta-feira, 27, ao ser questionado sobre a pandemida da covid-19. \u201cA melhor vacina que existe \u00e9 pegar a doen\u00e7a, todo mundo sabe disso\u201d, disse Onyx, que disputa o<\/p>\n<div class=\"read-more-wrapper\"><a class=\"read-more\" href=\"https:\/\/www2.comunitaria.com.br\/en\/a-melhor-vacina-e-pegar-a-doenca-diz-onyx-lorenzoni-no-ultimo-debate\/\" title=\"Read More\"> <span class=\"button\">Read More<\/span><\/a><\/div>","protected":false},"author":2,"featured_media":55833,"comment_status":"open","ping_status":"closed","sticky":false,"template":"","format":"standard","meta":{"ngg_post_thumbnail":0,"footnotes":""},"categories":[6173,33,38],"tags":[],"class_list":["post-55831","post","type-post","status-publish","format-standard","has-post-thumbnail","hentry","category-eleicoes-2022","category-noticias","category-politica"],"amp_enabled":true,"_links":{"self":[{"href":"https:\/\/www2.comunitaria.com.br\/en\/wp-json\/wp\/v2\/posts\/55831","targetHints":{"allow":["GET"]}}],"collection":[{"href":"https:\/\/www2.comunitaria.com.br\/en\/wp-json\/wp\/v2\/posts"}],"about":[{"href":"https:\/\/www2.comunitaria.com.br\/en\/wp-json\/wp\/v2\/types\/post"}],"author":[{"embeddable":true,"href":"https:\/\/www2.comunitaria.com.br\/en\/wp-json\/wp\/v2\/users\/2"}],"replies":[{"embeddable":true,"href":"https:\/\/www2.comunitaria.com.br\/en\/wp-json\/wp\/v2\/comments?post=55831"}],"version-history":[{"count":0,"href":"https:\/\/www2.comunitaria.com.br\/en\/wp-json\/wp\/v2\/posts\/55831\/revisions"}],"wp:featuredmedia":[{"embeddable":true,"href":"https:\/\/www2.comunitaria.com.br\/en\/wp-json\/wp\/v2\/media\/55833"}],"wp:attachment":[{"href":"https:\/\/www2.comunitaria.com.br\/en\/wp-json\/wp\/v2\/media?parent=55831"}],"wp:term":[{"taxonomy":"category","embeddable":true,"href":"https:\/\/www2.comunitaria.com.br\/en\/wp-json\/wp\/v2\/categories?post=55831"},{"taxonomy":"post_tag","embeddable":true,"href":"https:\/\/www2.comunitaria.com.br\/en\/wp-json\/wp\/v2\/tags?post=55831"}],"curies":[{"name":"wp","href":"https:\/\/api.w.org\/{rel}","templated":true}]}}