{"id":5583,"date":"2015-07-27T15:31:48","date_gmt":"2015-07-27T17:31:48","guid":{"rendered":"http:\/\/www2.comunitaria.com.br\/?p=5583"},"modified":"2015-07-27T15:32:19","modified_gmt":"2015-07-27T17:32:19","slug":"inscricoes-para-a-segunda-edicao-do-fies-comecam-na-proxima-semana","status":"publish","type":"post","link":"https:\/\/www2.comunitaria.com.br\/en\/inscricoes-para-a-segunda-edicao-do-fies-comecam-na-proxima-semana\/","title":{"rendered":"Inscri\u00e7\u00f5es para a segunda edi\u00e7\u00e3o do Fies come\u00e7am na pr\u00f3xima semana"},"content":{"rendered":"<p>As inscri\u00e7\u00f5es para o processo seletivo da segunda edi\u00e7\u00e3o de 2015 do Fundo de Financiamento Estudantil (Fies) ser\u00e3o abertas na pr\u00f3xima segunda-feira, 3, pela internet. Os candidatos ter\u00e3o at\u00e9 a quinta-feira, 6, para fazer a inscri\u00e7\u00e3o. O cronograma e as regras desta edi\u00e7\u00e3o do Fies est\u00e3o em edital publicado na edi\u00e7\u00e3o de hoje, 27, do <em><a href=\"http:\/\/fiesselecao.mec.gov.br\/\" target=\"_blank\">Di\u00e1rio Oficial da Uni\u00e3o<\/a><\/em>.<\/p>\n<p>O resultado da pr\u00e9-sele\u00e7\u00e3o ser\u00e1 divulgado no dia 10 de agosto, em chamada \u00fanica. Os estudantes pr\u00e9-selecionados dever\u00e3o concluir a inscri\u00e7\u00e3o na internet e completar o processo junto \u00e0 institui\u00e7\u00e3o de ensino e \u00e0 institui\u00e7\u00e3o financeira. Quem n\u00e3o for pr\u00e9-selecionados passa a integrar a lista de espera.<\/p>\n<p>No final de junho, o ministro da Educa\u00e7\u00e3o, Renato Janine Ribeiro, anunciou que nesta edi\u00e7\u00e3o ser\u00e3o ofertadas 61,5 mil vagas com prioridade para os cursos das \u00e1reas de engenharia, sa\u00fade e a forma\u00e7\u00e3o de professores e para as regi\u00f5es Norte, Nordeste e Cento-Oeste, exclu\u00eddo o Distrito Federal.<\/p>\n<p><strong>Taxa de juros<\/strong><\/p>\n<p>A partir desta edi\u00e7\u00e3o passam a valer novas regras para o Fies anunciadas pelo Minist\u00e9rio da Educa\u00e7\u00e3o. Os estudantes passam a ser selecionados de acordo com a nota obtida no Exame Nacional do Ensino M\u00e9dio (Enem). Para os novos contratos passa a valer a taxa de juros de 6,5%.<\/p>\n<p>De acordo com o edital, o estudante poder\u00e1 se inscrever em um \u00fanico curso e turno de gradua\u00e7\u00e3o dentre aqueles com vagas ofertadas no processo seletivo. Durante o per\u00edodo de inscri\u00e7\u00e3o, o estudante poder\u00e1 alterar a op\u00e7\u00e3o de vaga.<\/p>\n<p>Pode se inscrever no processo seletivo do Fies, conforme o edital, os candidatos que n\u00e3o tenham conclu\u00eddo curso superior, tenham participado do Enem a partir da edi\u00e7\u00e3o de 2010, obtido m\u00e9dia a partir de 450 pontos no exame e n\u00e3o tenham tirado nota zero na reda\u00e7\u00e3o.<\/p>\n<p>Outro crit\u00e9rio \u00e9 que o candidato tenha renda familiar mensal bruta per capita de at\u00e9 2,5 sal\u00e1rios-m\u00ednimos. Quem concluiu o ensino m\u00e9dio antes de 2010 pode participar mesmo que n\u00e3o tenha feito prova do Enem. Nesse caso, o crit\u00e9rio para a classifica\u00e7\u00e3o seguir\u00e1 uma f\u00f3rmula que leva em conta itens com renda familiar e ra\u00e7a.<\/p>\n<p><a href=\"http:\/\/www2.comunitaria.com.br\/wp-content\/uploads\/2015\/07\/info_agencia_novo_fies.png\"><img loading=\"lazy\" decoding=\"async\" class=\"wp-image-5585 alignleft\" src=\"http:\/\/www2.comunitaria.com.br\/wp-content\/uploads\/2015\/07\/info_agencia_novo_fies-499x1024.png\" alt=\"info_agencia_novo_fies\" width=\"557\" height=\"1143\" srcset=\"https:\/\/www2.comunitaria.com.br\/wp-content\/uploads\/2015\/07\/info_agencia_novo_fies-499x1024.png 499w, https:\/\/www2.comunitaria.com.br\/wp-content\/uploads\/2015\/07\/info_agencia_novo_fies-146x300.png 146w, https:\/\/www2.comunitaria.com.br\/wp-content\/uploads\/2015\/07\/info_agencia_novo_fies.png 600w\" sizes=\"auto, (max-width: 557px) 100vw, 557px\" \/><\/a><\/p>\n<p>&nbsp;<\/p>\n<p>&nbsp;<\/p>\n<p>&nbsp;<\/p>\n<p>&nbsp;<\/p>\n<p>&nbsp;<\/p>\n<p>&nbsp;<\/p>\n<p>&nbsp;<\/p>\n<p>&nbsp;<\/p>\n<p>&nbsp;<\/p>\n<p>&nbsp;<\/p>\n<p>&nbsp;<\/p>\n<p>&nbsp;<\/p>\n<p>&nbsp;<\/p>\n<p>&nbsp;<\/p>\n<p>&nbsp;<\/p>\n<p>&nbsp;<\/p>\n<p>&nbsp;<\/p>\n<p>&nbsp;<\/p>\n<p>&nbsp;<\/p>\n<p>&nbsp;<\/p>\n<p>&nbsp;<\/p>\n<p>&nbsp;<\/p>\n<p>&nbsp;<\/p>\n<p>&nbsp;<\/p>\n<p>&nbsp;<\/p>\n<p>&nbsp;<\/p>\n<p>&nbsp;<\/p>\n<p>&nbsp;<\/p>\n<p><strong>Ag\u00eancia Brasil<\/strong><\/p>\n<p><strong>Foto: Divulga\u00e7\u00e3o<\/strong><\/p>","protected":false},"excerpt":{"rendered":"<p>As inscri\u00e7\u00f5es para o processo seletivo da segunda edi\u00e7\u00e3o de 2015 do Fundo de Financiamento Estudantil (Fies) ser\u00e3o abertas na pr\u00f3xima segunda-feira, 3, pela internet. Os candidatos ter\u00e3o at\u00e9 a&#8230;<\/p>","protected":false},"author":2,"featured_media":5584,"comment_status":"open","ping_status":"closed","sticky":false,"template":"","format":"standard","meta":{"ngg_post_thumbnail":0,"footnotes":""},"categories":[47,44,33],"tags":[413,414,149],"class_list":["post-5583","post","type-post","status-publish","format-standard","has-post-thumbnail","hentry","category-brasil","category-educacao","category-noticias","tag-educacao-2","tag-fies","tag-inscricoes"],"amp_enabled":true,"_links":{"self":[{"href":"https:\/\/www2.comunitaria.com.br\/en\/wp-json\/wp\/v2\/posts\/5583","targetHints":{"allow":["GET"]}}],"collection":[{"href":"https:\/\/www2.comunitaria.com.br\/en\/wp-json\/wp\/v2\/posts"}],"about":[{"href":"https:\/\/www2.comunitaria.com.br\/en\/wp-json\/wp\/v2\/types\/post"}],"author":[{"embeddable":true,"href":"https:\/\/www2.comunitaria.com.br\/en\/wp-json\/wp\/v2\/users\/2"}],"replies":[{"embeddable":true,"href":"https:\/\/www2.comunitaria.com.br\/en\/wp-json\/wp\/v2\/comments?post=5583"}],"version-history":[{"count":0,"href":"https:\/\/www2.comunitaria.com.br\/en\/wp-json\/wp\/v2\/posts\/5583\/revisions"}],"wp:featuredmedia":[{"embeddable":true,"href":"https:\/\/www2.comunitaria.com.br\/en\/wp-json\/wp\/v2\/media\/5584"}],"wp:attachment":[{"href":"https:\/\/www2.comunitaria.com.br\/en\/wp-json\/wp\/v2\/media?parent=5583"}],"wp:term":[{"taxonomy":"category","embeddable":true,"href":"https:\/\/www2.comunitaria.com.br\/en\/wp-json\/wp\/v2\/categories?post=5583"},{"taxonomy":"post_tag","embeddable":true,"href":"https:\/\/www2.comunitaria.com.br\/en\/wp-json\/wp\/v2\/tags?post=5583"}],"curies":[{"name":"wp","href":"https:\/\/api.w.org\/{rel}","templated":true}]}}