{"id":55684,"date":"2022-10-15T00:35:05","date_gmt":"2022-10-15T02:35:05","guid":{"rendered":"http:\/\/www2.comunitaria.com.br\/?p=55684"},"modified":"2022-10-15T00:35:05","modified_gmt":"2022-10-15T02:35:05","slug":"e-fake-que-o-tse-vetou-a-campanha-de-vacinacao-contra-poliomielite-no-brasil","status":"publish","type":"post","link":"https:\/\/www2.comunitaria.com.br\/en\/e-fake-que-o-tse-vetou-a-campanha-de-vacinacao-contra-poliomielite-no-brasil\/","title":{"rendered":"\u00c9 #FAKE que o TSE vetou a campanha de vacina\u00e7\u00e3o contra poliomielite no Brasil"},"content":{"rendered":"<p>Circula pelas redes sociais a informa\u00e7\u00e3o de que o TSE vetou a campanha de vacina\u00e7\u00e3o contra poliomielite no Brasil. Tome cuidado, essa not\u00edcia \u00e9 falsa!<\/p>\n<p>Publica\u00e7\u00f5es que entraram em circula\u00e7\u00e3o no in\u00edcio do m\u00eas de outubro afirmam que o ministro Alexandre de Moraes, presidente do Tribunal Superior Eleitoral (TSE), vetou a campanha nacional de vacina\u00e7\u00e3o contra poliomielite. A alega\u00e7\u00e3o tamb\u00e9m foi proferida pelo presidente Jair Bolsonaro (PL).<\/p>\n<p>Entretanto, a Justi\u00e7a Eleitoral explicou que o TSE vetou somente um pronunciamento do ministro da Sa\u00fade, Marcelo Queiroga, a respeito do tema, devido \u00e0s regras estabelecidas para o per\u00edodo eleitoral.<\/p>\n<p>Segundo o Tribunal, a decis\u00e3o foi tomada considerando a veda\u00e7\u00e3o prevista no artigo 73 da Lei das Elei\u00e7\u00f5es (Lei 9.504\/1997). \u201cSegundo o dispositivo, s\u00e3o proibidas aos agentes p\u00fablicos algumas condutas tendentes a afetar a igualdade de oportunidades entre candidatos nas elei\u00e7\u00f5es\u201d, diz o texto do TSE.<\/p>\n<p>Segundo a legisla\u00e7\u00e3o, \u00e9 proibido aos agentes p\u00fablicos autorizar publicidade institucional dos atos, programas, obras, servi\u00e7os e campanhas dos \u00f3rg\u00e3os p\u00fablicos federais, estaduais ou municipais, salvo em caso de grave e urgente necessidade p\u00fablica. A regra tem como objetivo assegurar igual oportunidade entre os candidatos nas elei\u00e7\u00f5es, de modo a impedir que candidatos em busca de reelei\u00e7\u00e3o utilizem a m\u00e1quina p\u00fablica a seu favor.<\/p>\n<p>Em agosto, o ministro do TSE Edson Fachin j\u00e1 havia negado a veicula\u00e7\u00e3o do pronunciamento de Queiroga com justificativa semelhante.<\/p>\n<p>A Campanha Nacional de Vacina\u00e7\u00e3o contra a Poliomielite e Multivacina\u00e7\u00e3o foi lan\u00e7ada pelo Minist\u00e9rio da Sa\u00fade em 7 de agosto de 2022, pouco antes do in\u00edcio do per\u00edodo de campanha eleitoral. Nessa data, a pasta realizou um ato em S\u00e3o Paulo que marcou o in\u00edcio da campanha de vacina\u00e7\u00e3o contra poliomielite. No evento, transmitido ao vivo, a pasta veiculou uma das pe\u00e7as publicit\u00e1rias de conscientiza\u00e7\u00e3o para a vacina\u00e7\u00e3o.<\/p>\n<p>A campanha durou at\u00e9 30 de setembro, ap\u00f3s ter sido prorrogada por baixa ades\u00e3o. A pasta destacou que, apesar do fim da mobiliza\u00e7\u00e3o, todas as vacinas que comp\u00f5em o Calend\u00e1rio Nacional de Vacina\u00e7\u00e3o seguem dispon\u00edveis durante todo o ano.<\/p>\n<p>*Com informa\u00e7\u00f5es da AFP Checamos<\/p>","protected":false},"excerpt":{"rendered":"<p>Circula pelas redes sociais a informa\u00e7\u00e3o de que o TSE vetou a campanha de vacina\u00e7\u00e3o contra poliomielite no Brasil. Tome cuidado, essa not\u00edcia \u00e9 falsa! Publica\u00e7\u00f5es que entraram em circula\u00e7\u00e3o&#8230;<\/p>","protected":false},"author":2,"featured_media":55686,"comment_status":"open","ping_status":"closed","sticky":false,"template":"","format":"standard","meta":{"ngg_post_thumbnail":0,"footnotes":""},"categories":[6173,6170,37],"tags":[],"class_list":["post-55684","post","type-post","status-publish","format-standard","has-post-thumbnail","hentry","category-eleicoes-2022","category-fato-ou-fake","category-saude"],"amp_enabled":true,"_links":{"self":[{"href":"https:\/\/www2.comunitaria.com.br\/en\/wp-json\/wp\/v2\/posts\/55684","targetHints":{"allow":["GET"]}}],"collection":[{"href":"https:\/\/www2.comunitaria.com.br\/en\/wp-json\/wp\/v2\/posts"}],"about":[{"href":"https:\/\/www2.comunitaria.com.br\/en\/wp-json\/wp\/v2\/types\/post"}],"author":[{"embeddable":true,"href":"https:\/\/www2.comunitaria.com.br\/en\/wp-json\/wp\/v2\/users\/2"}],"replies":[{"embeddable":true,"href":"https:\/\/www2.comunitaria.com.br\/en\/wp-json\/wp\/v2\/comments?post=55684"}],"version-history":[{"count":0,"href":"https:\/\/www2.comunitaria.com.br\/en\/wp-json\/wp\/v2\/posts\/55684\/revisions"}],"wp:featuredmedia":[{"embeddable":true,"href":"https:\/\/www2.comunitaria.com.br\/en\/wp-json\/wp\/v2\/media\/55686"}],"wp:attachment":[{"href":"https:\/\/www2.comunitaria.com.br\/en\/wp-json\/wp\/v2\/media?parent=55684"}],"wp:term":[{"taxonomy":"category","embeddable":true,"href":"https:\/\/www2.comunitaria.com.br\/en\/wp-json\/wp\/v2\/categories?post=55684"},{"taxonomy":"post_tag","embeddable":true,"href":"https:\/\/www2.comunitaria.com.br\/en\/wp-json\/wp\/v2\/tags?post=55684"}],"curies":[{"name":"wp","href":"https:\/\/api.w.org\/{rel}","templated":true}]}}