{"id":5552,"date":"2015-07-27T09:10:48","date_gmt":"2015-07-27T11:10:48","guid":{"rendered":"http:\/\/www2.comunitaria.com.br\/?p=5552"},"modified":"2015-07-27T09:10:48","modified_gmt":"2015-07-27T11:10:48","slug":"palmeirense-se-reapresenta-visando-a-disputa-das-copinhas-no-segundo-semestre","status":"publish","type":"post","link":"https:\/\/www2.comunitaria.com.br\/en\/palmeirense-se-reapresenta-visando-a-disputa-das-copinhas-no-segundo-semestre\/","title":{"rendered":"Palmeirense se reapresenta visando \u00e0 disputa das copinhas no segundo semestre"},"content":{"rendered":"<div class=\"notdescricao rvfs-4\" data-rvfs=\"4\">\n<p style=\"text-align: justify;\">Dos 28 jogadores que fizeram parte do grupo do Palmeirense na disputa da Segunda Divis\u00e3o, pelo menos 15 dever\u00e3o permanecer no clube para encarar a Super Copa Ga\u00facha, no segundo semestre. Com a base da equipe mantida, o Le\u00e3o das Miss\u00f5es contar\u00e1, ainda, com refor\u00e7os importantes que acrescentar\u00e3o qualidade ao elenco.<\/p>\n<p style=\"text-align: justify;\">A principal perda \u00e9 do atacante Welder, artilheiro da equipe na competi\u00e7\u00e3o com 12 gols. O camisa 9 atuar\u00e1 em Portugal, no Mar\u00edtimo, clube da Primeira Divis\u00e3o. Ledesma tamb\u00e9m um dos destaques da equipe acertou sua transfer\u00eancia ao Marau.<\/p>\n<p style=\"text-align: justify;\">Apresenta\u00e7\u00e3o aconteceu durante a tarde deste s\u00e1bado, 25, \u00e0s 15 horas no Est\u00e1dio Luciano Ferreira Martins. Ap\u00f3s a apresenta\u00e7\u00e3o, o grupo j\u00e1 participou dos primeiro trabalho aos olhares do novo t\u00e9cnico da equipe e Campe\u00e3o da Divis\u00e3o de Acesso com o Gl\u00f3ria, Jair Galv\u00e3o. Amanh\u00e3, domingo o treino acontece \u00e0s 14 horas na sede do clube.<\/p>\n<p style=\"text-align: justify;\">Segundo o t\u00e9cnico Jair Galv\u00e3o e o presidente Luis Fernando Cabral o clube entre hoje e amanh\u00e3 fechar\u00e1 com mais dois atacantes.<\/p>\n<p style=\"text-align: justify;\"><strong>Remanescentes<\/strong><\/p>\n<p style=\"text-align: justify;\">Pedro \u00a0(G)<br \/>\nDaniel \u00a0(G)<br \/>\nRodrigo Sirena (L)<br \/>\nAlex (L)<br \/>\nEm\u00edlio (L)<br \/>\nReinan (Z)<br \/>\nDeivid \u00a0(V)<br \/>\nJunior Santoro (V)<br \/>\nCristian (M)<br \/>\nPaim (M)<br \/>\nFazor (A)<br \/>\nRafaello (A)<\/p>\n<p style=\"text-align: justify;\"><strong>Novas contrata\u00e7\u00f5es\u00a0<\/strong><\/p>\n<p style=\"text-align: justify;\">Lucas Cancian (preparador f\u00edsico) &#8211; Rio Grandense\/SM<br \/>\nLucas Brunello (zagueiro) \u2013 Esportivo<br \/>\nRom\u00e1rio Deon (lateral) \u2013 Santa Cruz<br \/>\nAlexandre (zagueiro) \u2013 base Chapecoense<br \/>\nDione Canabarro (Catatau) (zagueiro) \u2013 Marc\u00edlio Dias-SC<br \/>\nAnderson Henrique (Andi) (zagueiro) \u2013 S\u00e3o Luiz<br \/>\nTinga (Meio) &#8211; S\u00e3o Paulo\/RG<br \/>\nSom\u00e1lia (lateral) &#8211; Aimor\u00e9<\/p>\n<p style=\"text-align: justify;\"><strong>Renato Padilha\/Folha do Noroeste<\/strong><\/p>\n<\/div>","protected":false},"excerpt":{"rendered":"<p>Dos 28 jogadores que fizeram parte do grupo do Palmeirense na disputa da Segunda Divis\u00e3o, pelo menos 15 dever\u00e3o permanecer no clube para encarar a Super Copa Ga\u00facha, no segundo semestre. Com a base da equipe mantida, o Le\u00e3o das Miss\u00f5es contar\u00e1, ainda, com refor\u00e7os importantes que acrescentar\u00e3o qualidade ao elenco. A principal perda \u00e9<\/p>\n<div class=\"read-more-wrapper\"><a class=\"read-more\" href=\"https:\/\/www2.comunitaria.com.br\/en\/palmeirense-se-reapresenta-visando-a-disputa-das-copinhas-no-segundo-semestre\/\" title=\"Read More\"> <span class=\"button\">Read More<\/span><\/a><\/div>","protected":false},"author":2,"featured_media":5553,"comment_status":"open","ping_status":"closed","sticky":false,"template":"","format":"standard","meta":{"ngg_post_thumbnail":0,"footnotes":""},"categories":[34,33,43],"tags":[465,230,86],"class_list":["post-5552","post","type-post","status-publish","format-standard","has-post-thumbnail","hentry","category-esportes","category-noticias","category-regiao","tag-esporte","tag-futebol","tag-regiao-2"],"amp_enabled":true,"_links":{"self":[{"href":"https:\/\/www2.comunitaria.com.br\/en\/wp-json\/wp\/v2\/posts\/5552","targetHints":{"allow":["GET"]}}],"collection":[{"href":"https:\/\/www2.comunitaria.com.br\/en\/wp-json\/wp\/v2\/posts"}],"about":[{"href":"https:\/\/www2.comunitaria.com.br\/en\/wp-json\/wp\/v2\/types\/post"}],"author":[{"embeddable":true,"href":"https:\/\/www2.comunitaria.com.br\/en\/wp-json\/wp\/v2\/users\/2"}],"replies":[{"embeddable":true,"href":"https:\/\/www2.comunitaria.com.br\/en\/wp-json\/wp\/v2\/comments?post=5552"}],"version-history":[{"count":0,"href":"https:\/\/www2.comunitaria.com.br\/en\/wp-json\/wp\/v2\/posts\/5552\/revisions"}],"wp:featuredmedia":[{"embeddable":true,"href":"https:\/\/www2.comunitaria.com.br\/en\/wp-json\/wp\/v2\/media\/5553"}],"wp:attachment":[{"href":"https:\/\/www2.comunitaria.com.br\/en\/wp-json\/wp\/v2\/media?parent=5552"}],"wp:term":[{"taxonomy":"category","embeddable":true,"href":"https:\/\/www2.comunitaria.com.br\/en\/wp-json\/wp\/v2\/categories?post=5552"},{"taxonomy":"post_tag","embeddable":true,"href":"https:\/\/www2.comunitaria.com.br\/en\/wp-json\/wp\/v2\/tags?post=5552"}],"curies":[{"name":"wp","href":"https:\/\/api.w.org\/{rel}","templated":true}]}}