{"id":55434,"date":"2022-09-28T16:45:52","date_gmt":"2022-09-28T18:45:52","guid":{"rendered":"http:\/\/www2.comunitaria.com.br\/?p=55434"},"modified":"2022-09-28T16:45:52","modified_gmt":"2022-09-28T18:45:52","slug":"oab-rs-lanca-campanha-voto-nao-tem-preco-voto-tem-consequencia","status":"publish","type":"post","link":"https:\/\/www2.comunitaria.com.br\/en\/oab-rs-lanca-campanha-voto-nao-tem-preco-voto-tem-consequencia\/","title":{"rendered":"OAB\/RS lan\u00e7a campanha &#8220;Voto n\u00e3o tem pre\u00e7o, voto tem consequ\u00eancia&#8221;"},"content":{"rendered":"<p>A OAB\/RS lan\u00e7ou a campanha \u201cVoto n\u00e3o tem pre\u00e7o, voto tem consequ\u00eancia\u201d, na noite da sexta-feira (23), em evento realizado no audit\u00f3rio do espa\u00e7o Cubo \u2013 que recebeu grande p\u00fablico, composto por advogados e advogadas, autoridades e membros de entidades.<\/p>\n<p>O presidente da OAB\/RS, Leonardo Lamachia, conduziu os trabalhos e destacou que a campanha deste ano d\u00e1 continuidade ao projeto que existe na Ordem ga\u00facha desde 2007 e promove a conscientiza\u00e7\u00e3o da popula\u00e7\u00e3o sobre a import\u00e2ncia do ato democr\u00e1tico de votar. \u201cPrecisamos investir o nosso tempo em uma reflex\u00e3o para escolha adequada de quem ser\u00e3o os nossos representantes. O caminho para qualquer na\u00e7\u00e3o ter prosperidade e ser desenvolvida \u00e9 o caminho da democracia, da escolha dos representantes pelo voto\u201d, afirmou.<\/p>\n<p>\u201cA partir de hoje, al\u00e9m da OAB estadual, todas as nossas 106 subse\u00e7\u00f5es se engajar\u00e3o nessa importante campanha. Conclamamos \u00e0 sociedade ga\u00facha para que todos possam se debru\u00e7ar sobre quem ser\u00e3o os seus escolhidos no pleito eleitoral. Voto n\u00e3o tem pre\u00e7o, voto tem consequ\u00eancia\u201d, concluiu Lamachia.<\/p>\n<p>Participaram do evento, entre outras autoridades, o presidente do Tribunal Regional Estadual (TRE\/RS), Francisco Jos\u00e9 Moesch; o defensor p\u00fablico-geral do RS, Antonio Fl\u00e1vio de Oliveira; o procurador-geral de Justi\u00e7a do RS, Marcelo Lemos Dornelles; e o presidente da TRT4. Francisco Rossal de Ara\u00fajo.<\/p>\n<p>Leia mais em nosso site: https:\/\/bit.ly\/3fpeObG<\/p>\n<p>Confira fotos do evento: https:\/\/www.flickr.com\/photos\/oab-rs\/albums\/72177720302421017<\/p>\n<p>Assista o v\u00eddeo oficial da campanha \u201cVoto n\u00e3o tem pre\u00e7o, voto tem consequ\u00eancia\u201d: https:\/\/youtu.be\/gct-Vu3jxl4<\/p>\n<p>&nbsp;<\/p>","protected":false},"excerpt":{"rendered":"<p>A OAB\/RS lan\u00e7ou a campanha \u201cVoto n\u00e3o tem pre\u00e7o, voto tem consequ\u00eancia\u201d, na noite da sexta-feira (23), em evento realizado no audit\u00f3rio do espa\u00e7o Cubo \u2013 que recebeu grande p\u00fablico, composto por advogados e advogadas, autoridades e membros de entidades. O presidente da OAB\/RS, Leonardo Lamachia, conduziu os trabalhos e destacou que a campanha deste<\/p>\n<div class=\"read-more-wrapper\"><a class=\"read-more\" href=\"https:\/\/www2.comunitaria.com.br\/en\/oab-rs-lanca-campanha-voto-nao-tem-preco-voto-tem-consequencia\/\" title=\"Read More\"> <span class=\"button\">Read More<\/span><\/a><\/div>","protected":false},"author":2,"featured_media":55433,"comment_status":"open","ping_status":"closed","sticky":false,"template":"","format":"standard","meta":{"ngg_post_thumbnail":0,"footnotes":""},"categories":[6173,33],"tags":[],"class_list":["post-55434","post","type-post","status-publish","format-standard","has-post-thumbnail","hentry","category-eleicoes-2022","category-noticias"],"amp_enabled":true,"_links":{"self":[{"href":"https:\/\/www2.comunitaria.com.br\/en\/wp-json\/wp\/v2\/posts\/55434","targetHints":{"allow":["GET"]}}],"collection":[{"href":"https:\/\/www2.comunitaria.com.br\/en\/wp-json\/wp\/v2\/posts"}],"about":[{"href":"https:\/\/www2.comunitaria.com.br\/en\/wp-json\/wp\/v2\/types\/post"}],"author":[{"embeddable":true,"href":"https:\/\/www2.comunitaria.com.br\/en\/wp-json\/wp\/v2\/users\/2"}],"replies":[{"embeddable":true,"href":"https:\/\/www2.comunitaria.com.br\/en\/wp-json\/wp\/v2\/comments?post=55434"}],"version-history":[{"count":0,"href":"https:\/\/www2.comunitaria.com.br\/en\/wp-json\/wp\/v2\/posts\/55434\/revisions"}],"wp:featuredmedia":[{"embeddable":true,"href":"https:\/\/www2.comunitaria.com.br\/en\/wp-json\/wp\/v2\/media\/55433"}],"wp:attachment":[{"href":"https:\/\/www2.comunitaria.com.br\/en\/wp-json\/wp\/v2\/media?parent=55434"}],"wp:term":[{"taxonomy":"category","embeddable":true,"href":"https:\/\/www2.comunitaria.com.br\/en\/wp-json\/wp\/v2\/categories?post=55434"},{"taxonomy":"post_tag","embeddable":true,"href":"https:\/\/www2.comunitaria.com.br\/en\/wp-json\/wp\/v2\/tags?post=55434"}],"curies":[{"name":"wp","href":"https:\/\/api.w.org\/{rel}","templated":true}]}}