{"id":55378,"date":"2022-09-23T16:51:31","date_gmt":"2022-09-23T18:51:31","guid":{"rendered":"http:\/\/www2.comunitaria.com.br\/?p=55378"},"modified":"2022-09-23T16:51:31","modified_gmt":"2022-09-23T18:51:31","slug":"aula-inaugural-estreia-especializacao-em-gestao-de-tecnologia-da-informacao-na-ufsm-fw","status":"publish","type":"post","link":"https:\/\/www2.comunitaria.com.br\/en\/aula-inaugural-estreia-especializacao-em-gestao-de-tecnologia-da-informacao-na-ufsm-fw\/","title":{"rendered":"Aula inaugural estreia Especializa\u00e7\u00e3o em Gest\u00e3o de Tecnologia da Informa\u00e7\u00e3o na UFSM\/FW"},"content":{"rendered":"<p>A primeira aula da nova p\u00f3s-gradua\u00e7\u00e3o aconteceu na sexta-feira, 16 de setembro, no centro de conviv\u00eancia da UFSM Campus Frederico Westphalen. Os alunos participaram da apresenta\u00e7\u00e3o do curso, dos professores e tour pelo campus.<\/p>\n<p>Al\u00e9m da Coordena\u00e7\u00e3o do Curso, Adriana Pereira e Solange Pertile, estiveram presentes tamb\u00e9m o Diretor do Campus, Braulio Caron, Natalia Miranda (UAP), Graciela Nunes (NAE), Fernanda Buriol (SUPG) e a chefia do Departamento de Tecnologia da Informa\u00e7\u00e3o, professores Roberto Franciscatto e Evandro Preuss.<\/p>\n<p>A Especializa\u00e7\u00e3o em Gest\u00e3o de TI ser\u00e1 oferecida de forma permanente, com entradas regulares uma vez ao ano e com dura\u00e7\u00e3o de tr\u00eas semestres. As aulas s\u00e3o quinzenais, ministradas nas sextas-feiras no turno da noite e aos s\u00e1bados pela manh\u00e3. O cronograma completo ser\u00e1 divulgado em breve para os discentes.<\/p>","protected":false},"excerpt":{"rendered":"<p>A primeira aula da nova p\u00f3s-gradua\u00e7\u00e3o aconteceu na sexta-feira, 16 de setembro, no centro de conviv\u00eancia da UFSM Campus Frederico Westphalen. Os alunos participaram da apresenta\u00e7\u00e3o do curso, dos professores&#8230;<\/p>","protected":false},"author":2,"featured_media":55380,"comment_status":"open","ping_status":"closed","sticky":false,"template":"","format":"standard","meta":{"ngg_post_thumbnail":0,"footnotes":""},"categories":[44,42,33],"tags":[],"class_list":["post-55378","post","type-post","status-publish","format-standard","has-post-thumbnail","hentry","category-educacao","category-fred-west","category-noticias"],"amp_enabled":true,"_links":{"self":[{"href":"https:\/\/www2.comunitaria.com.br\/en\/wp-json\/wp\/v2\/posts\/55378","targetHints":{"allow":["GET"]}}],"collection":[{"href":"https:\/\/www2.comunitaria.com.br\/en\/wp-json\/wp\/v2\/posts"}],"about":[{"href":"https:\/\/www2.comunitaria.com.br\/en\/wp-json\/wp\/v2\/types\/post"}],"author":[{"embeddable":true,"href":"https:\/\/www2.comunitaria.com.br\/en\/wp-json\/wp\/v2\/users\/2"}],"replies":[{"embeddable":true,"href":"https:\/\/www2.comunitaria.com.br\/en\/wp-json\/wp\/v2\/comments?post=55378"}],"version-history":[{"count":0,"href":"https:\/\/www2.comunitaria.com.br\/en\/wp-json\/wp\/v2\/posts\/55378\/revisions"}],"wp:featuredmedia":[{"embeddable":true,"href":"https:\/\/www2.comunitaria.com.br\/en\/wp-json\/wp\/v2\/media\/55380"}],"wp:attachment":[{"href":"https:\/\/www2.comunitaria.com.br\/en\/wp-json\/wp\/v2\/media?parent=55378"}],"wp:term":[{"taxonomy":"category","embeddable":true,"href":"https:\/\/www2.comunitaria.com.br\/en\/wp-json\/wp\/v2\/categories?post=55378"},{"taxonomy":"post_tag","embeddable":true,"href":"https:\/\/www2.comunitaria.com.br\/en\/wp-json\/wp\/v2\/tags?post=55378"}],"curies":[{"name":"wp","href":"https:\/\/api.w.org\/{rel}","templated":true}]}}