{"id":55257,"date":"2022-09-14T17:08:35","date_gmt":"2022-09-14T19:08:35","guid":{"rendered":"http:\/\/www2.comunitaria.com.br\/?p=55257"},"modified":"2022-09-14T17:08:35","modified_gmt":"2022-09-14T19:08:35","slug":"sicredi-registra-aumento-superior-a-20-na-concessao-de-credito-para-energia-solar-no-primeiro-semestre-de-2022","status":"publish","type":"post","link":"https:\/\/www2.comunitaria.com.br\/en\/sicredi-registra-aumento-superior-a-20-na-concessao-de-credito-para-energia-solar-no-primeiro-semestre-de-2022\/","title":{"rendered":"Sicredi registra aumento superior a 20% na concess\u00e3o de cr\u00e9dito para energia solar no primeiro semestre de 2022"},"content":{"rendered":"<p>O Sicredi, institui\u00e7\u00e3o financeira cooperativa com mais de 2 milh\u00f5es de associados no Rio Grande do Sul, contabilizou aproximadamente R$ 450 milh\u00f5es em cr\u00e9dito destinado a projetos de energia solar no Estado entre janeiro e junho deste ano. O valor representa aumento de 21% em rela\u00e7\u00e3o ao mesmo per\u00edodo de 2021, quando os financiamentos para aquisi\u00e7\u00e3o de equipamentos para gera\u00e7\u00e3o de energia fotovoltaica atingiram mais de R$ 370 milh\u00f5es. \u201cNos primeiros seis meses de 2022, mais de 10,3 mil novas instala\u00e7\u00f5es foram financiadas no Rio Grande do Sul pelo Sicredi, o que representa um interesse genu\u00edno em oferecer alternativas sustent\u00e1veis \u00e0s demandas de nossos associados. Este \u00e9 um compromisso que temos, n\u00e3o s\u00f3 com o meio ambiente, mas com toda a sociedade, pois a economia na conta de luz \u00e9 um importante elemento no planejamento financeiro de qualquer pessoa ou neg\u00f3cio\u201d, explica o presidente da Central Sicredi Sul\/Sudeste, M\u00e1rcio Port. Dados da Associa\u00e7\u00e3o Brasileira de Energia Solar Fotovoltaica (Absolar) indicam que a energia solar produzida no Pa\u00eds representa 8,5% do total da matriz el\u00e9trica nacional. No ranking brasileiro de pot\u00eancia instalada, o RS ocupa a terceira posi\u00e7\u00e3o, atr\u00e1s de Minas Gerais e S\u00e3o Paulo<strong>&nbsp; &nbsp; &nbsp; &nbsp; &nbsp; &nbsp; &nbsp; &nbsp; &nbsp; &nbsp; &nbsp; &nbsp; &nbsp; &nbsp; &nbsp; &nbsp; &nbsp; &nbsp; &nbsp; &nbsp; &nbsp; &nbsp; &nbsp; &nbsp; &nbsp; &nbsp; &nbsp; &nbsp; &nbsp; &nbsp; &nbsp; &nbsp; &nbsp; &nbsp; &nbsp; &nbsp;&nbsp;<\/strong><\/p>\n<p><strong>Seguro para placas solares<\/strong><\/p>\n<p>Ciente do crescimento na procura por unidades de gera\u00e7\u00e3o fotovoltaica e buscando oferecer ao associado a seguran\u00e7a desta tecnologia, o Sicredi, em parceria, com a Liberty Seguros, lan\u00e7ou o <em>Seguro Liberty para Placas Solares<\/em>, que oferece prote\u00e7\u00e3o contra danos de origem externa &#8211; como granizo, inc\u00eandio, vendaval e queda de raio, al\u00e9m do amparo da cobertura de danos el\u00e9tricos, compreendendo tamb\u00e9m o valor de projeto (equipamento, componentes de instala\u00e7\u00e3o e m\u00e3o de obra).<\/p>","protected":false},"excerpt":{"rendered":"<p>O Sicredi, institui\u00e7\u00e3o financeira cooperativa com mais de 2 milh\u00f5es de associados no Rio Grande do Sul, contabilizou aproximadamente R$ 450 milh\u00f5es em cr\u00e9dito destinado a projetos de energia solar&#8230;<\/p>","protected":false},"author":2,"featured_media":55259,"comment_status":"open","ping_status":"closed","sticky":false,"template":"","format":"standard","meta":{"ngg_post_thumbnail":0,"footnotes":""},"categories":[33,43],"tags":[],"class_list":["post-55257","post","type-post","status-publish","format-standard","has-post-thumbnail","hentry","category-noticias","category-regiao"],"amp_enabled":true,"_links":{"self":[{"href":"https:\/\/www2.comunitaria.com.br\/en\/wp-json\/wp\/v2\/posts\/55257","targetHints":{"allow":["GET"]}}],"collection":[{"href":"https:\/\/www2.comunitaria.com.br\/en\/wp-json\/wp\/v2\/posts"}],"about":[{"href":"https:\/\/www2.comunitaria.com.br\/en\/wp-json\/wp\/v2\/types\/post"}],"author":[{"embeddable":true,"href":"https:\/\/www2.comunitaria.com.br\/en\/wp-json\/wp\/v2\/users\/2"}],"replies":[{"embeddable":true,"href":"https:\/\/www2.comunitaria.com.br\/en\/wp-json\/wp\/v2\/comments?post=55257"}],"version-history":[{"count":0,"href":"https:\/\/www2.comunitaria.com.br\/en\/wp-json\/wp\/v2\/posts\/55257\/revisions"}],"wp:featuredmedia":[{"embeddable":true,"href":"https:\/\/www2.comunitaria.com.br\/en\/wp-json\/wp\/v2\/media\/55259"}],"wp:attachment":[{"href":"https:\/\/www2.comunitaria.com.br\/en\/wp-json\/wp\/v2\/media?parent=55257"}],"wp:term":[{"taxonomy":"category","embeddable":true,"href":"https:\/\/www2.comunitaria.com.br\/en\/wp-json\/wp\/v2\/categories?post=55257"},{"taxonomy":"post_tag","embeddable":true,"href":"https:\/\/www2.comunitaria.com.br\/en\/wp-json\/wp\/v2\/tags?post=55257"}],"curies":[{"name":"wp","href":"https:\/\/api.w.org\/{rel}","templated":true}]}}