{"id":55208,"date":"2022-09-09T10:41:09","date_gmt":"2022-09-09T12:41:09","guid":{"rendered":"http:\/\/www2.comunitaria.com.br\/?p=55208"},"modified":"2022-09-09T10:41:09","modified_gmt":"2022-09-09T12:41:09","slug":"legislativo-de-fw-institui-premio-mulher-cidada","status":"publish","type":"post","link":"https:\/\/www2.comunitaria.com.br\/en\/legislativo-de-fw-institui-premio-mulher-cidada\/","title":{"rendered":"Legislativo de FW institui Pr\u00eamio Mulher Cidad\u00e3"},"content":{"rendered":"<p>A 1\u00aa Sess\u00e3o Ordin\u00e1ria do m\u00eas de setembro e 28\u00aa do ano foi realizada na ter\u00e7a-feira, 6, na C\u00e2mara de Vereadores. Na pauta foram \u00e0 vota\u00e7\u00e3o tr\u00eas projetos de leis do Executivo Municipal e um de autoria do Poder Legislativo, que instituiu o Pr\u00eamio \u201cMulher Cidad\u00e3\u201d no munic\u00edpio de Frederico Westphalen. A premia\u00e7\u00e3o foi mais uma proposi\u00e7\u00e3o da Procuradoria da Mulher, em parceria com o Movimento Meninas Ol\u00edmpicas, que tem a coordena\u00e7\u00e3o da professora Nara Bigolin, da UFSM\/FW. \u201cEsse \u00e9 mais um projeto de valoriza\u00e7\u00e3o das mulheres que, de uma forma ou outra, contribu\u00edram para o nosso munic\u00edpio, se destacam em suas profiss\u00f5es e possuem um importante papel na nossa sociedade\u201d, explicou o vereador e procurador-adjunto da Procuradoria da Mulher, Raul Pazuch da Silva.<\/p>\n<p>De acordo com a Procuradora Especial da Mulher, Aline Ferrari Caeran, o Pr\u00eamio \u201cMulher Cidad\u00e3\u201d ser\u00e1 entregue, anualmente, em Sess\u00e3o Solene na C\u00e2mara de Vereadores a ser realizada em mar\u00e7o, no m\u00eas em que se comemora o Dia Internacional da Mulher. A cada edi\u00e7\u00e3o ser\u00e3o homenageadas cinco mulheres nas modalidades Educa\u00e7\u00e3o e Cultura, Sa\u00fade e bem-estar, Direitos das mulheres e combate \u00e0 viol\u00eancia, Pol\u00edticas p\u00fablicas e Empres\u00e1ria\/Agroneg\u00f3cio.<\/p>","protected":false},"excerpt":{"rendered":"<p>A 1\u00aa Sess\u00e3o Ordin\u00e1ria do m\u00eas de setembro e 28\u00aa do ano foi realizada na ter\u00e7a-feira, 6, na C\u00e2mara de Vereadores. Na pauta foram \u00e0 vota\u00e7\u00e3o tr\u00eas projetos de leis do Executivo Municipal e um de autoria do Poder Legislativo, que instituiu o Pr\u00eamio \u201cMulher Cidad\u00e3\u201d no munic\u00edpio de Frederico Westphalen. A premia\u00e7\u00e3o foi mais<\/p>\n<div class=\"read-more-wrapper\"><a class=\"read-more\" href=\"https:\/\/www2.comunitaria.com.br\/en\/legislativo-de-fw-institui-premio-mulher-cidada\/\" title=\"Read More\"> <span class=\"button\">Read More<\/span><\/a><\/div>","protected":false},"author":2,"featured_media":55210,"comment_status":"open","ping_status":"closed","sticky":false,"template":"","format":"standard","meta":{"ngg_post_thumbnail":0,"footnotes":""},"categories":[33],"tags":[],"class_list":["post-55208","post","type-post","status-publish","format-standard","has-post-thumbnail","hentry","category-noticias"],"amp_enabled":true,"_links":{"self":[{"href":"https:\/\/www2.comunitaria.com.br\/en\/wp-json\/wp\/v2\/posts\/55208","targetHints":{"allow":["GET"]}}],"collection":[{"href":"https:\/\/www2.comunitaria.com.br\/en\/wp-json\/wp\/v2\/posts"}],"about":[{"href":"https:\/\/www2.comunitaria.com.br\/en\/wp-json\/wp\/v2\/types\/post"}],"author":[{"embeddable":true,"href":"https:\/\/www2.comunitaria.com.br\/en\/wp-json\/wp\/v2\/users\/2"}],"replies":[{"embeddable":true,"href":"https:\/\/www2.comunitaria.com.br\/en\/wp-json\/wp\/v2\/comments?post=55208"}],"version-history":[{"count":0,"href":"https:\/\/www2.comunitaria.com.br\/en\/wp-json\/wp\/v2\/posts\/55208\/revisions"}],"wp:featuredmedia":[{"embeddable":true,"href":"https:\/\/www2.comunitaria.com.br\/en\/wp-json\/wp\/v2\/media\/55210"}],"wp:attachment":[{"href":"https:\/\/www2.comunitaria.com.br\/en\/wp-json\/wp\/v2\/media?parent=55208"}],"wp:term":[{"taxonomy":"category","embeddable":true,"href":"https:\/\/www2.comunitaria.com.br\/en\/wp-json\/wp\/v2\/categories?post=55208"},{"taxonomy":"post_tag","embeddable":true,"href":"https:\/\/www2.comunitaria.com.br\/en\/wp-json\/wp\/v2\/tags?post=55208"}],"curies":[{"name":"wp","href":"https:\/\/api.w.org\/{rel}","templated":true}]}}