{"id":55205,"date":"2022-09-09T10:55:13","date_gmt":"2022-09-09T12:55:13","guid":{"rendered":"http:\/\/www2.comunitaria.com.br\/?p=55205"},"modified":"2022-09-09T10:55:13","modified_gmt":"2022-09-09T12:55:13","slug":"aefw-promove-curso-de-imersao-em-planejamento-estrategico","status":"publish","type":"post","link":"https:\/\/www2.comunitaria.com.br\/en\/aefw-promove-curso-de-imersao-em-planejamento-estrategico\/","title":{"rendered":"AEFW promove curso de Imers\u00e3o em Planejamento Estrat\u00e9gico"},"content":{"rendered":"<p>Para atingir um objetivo em um neg\u00f3cio, uma empresa necessita de planejamento estrat\u00e9gico. Com ele, \u00e9 poss\u00edvel definir um caminho a ser seguido para que se tenha uma melhor organiza\u00e7\u00e3o e clareza dos passos a serem seguidos, al\u00e9m de facilitar o processo de an\u00e1lise dos futuros resultados, defini\u00e7\u00e3o de metas e a\u00e7\u00f5es.<br \/>\nRefor\u00e7ando a import\u00e2ncia do planejamento, a Associa\u00e7\u00e3o Empresarial ACI\/CDL com apoio do Sicredi Alto Uruguai RS\/SC\/MG est\u00e1 ofertando o curso Imers\u00e3o em Planejamento Estrat\u00e9gico, no dia 28 de setembro das 18h \u00e0s 22h, com o presidente e fundador da Allcon Consultoria de Resultados, Cl\u00f3vis Lumertz. A capacita\u00e7\u00e3o integra a agenda de cursos ofertados pela AEFW por meio da Agenda Empresarial 2022.<br \/>\nCl\u00f3vis Lumertz \u00e9 administrador de empresas com p\u00f3s-gradua\u00e7\u00e3o em Marketing do Varejo pela ESPM. Atuou como professor de cursos de gradua\u00e7\u00e3o e extens\u00e3o universit\u00e1ria. Atua h\u00e1 mais de 30 anos em consultoria e \u00e9 presidente e fundador da Allcon Consultoria de Resultados, com mais de 1000 organiza\u00e7\u00f5es-clientes sendo algumas delas a Coca-Cola, O Botic\u00e1rio, Ford, Tramontina, Volvo e Nike.<br \/>\nO curso \u00e9 direcionado para todas as empresas e empres\u00e1rios que visam entender, organizar e por em pr\u00e1tica o planejamento estrat\u00e9gico, buscando um melhor aproveitamento desde o momento inicial de suas a\u00e7\u00f5es. As vagas s\u00e3o limitadas e o investimento \u00e9 de R$450. Para associados da AEFW e ACI\u2019s parceiras, o valor especial com desconto \u00e9 de R$249, por participante.<br \/>\nPara se inscrever, entre em contato atrav\u00e9s dos telefones (55) 9 9910-8841 ou (55) 3744-4244. Tamb\u00e9m pelo e-mail comercial@aefw.com.br<\/p>\n<p>&nbsp;<\/p>","protected":false},"excerpt":{"rendered":"<p>Para atingir um objetivo em um neg\u00f3cio, uma empresa necessita de planejamento estrat\u00e9gico. Com ele, \u00e9 poss\u00edvel definir um caminho a ser seguido para que se tenha uma melhor organiza\u00e7\u00e3o e clareza dos passos a serem seguidos, al\u00e9m de facilitar o processo de an\u00e1lise dos futuros resultados, defini\u00e7\u00e3o de metas e a\u00e7\u00f5es. Refor\u00e7ando a import\u00e2ncia<\/p>\n<div class=\"read-more-wrapper\"><a class=\"read-more\" href=\"https:\/\/www2.comunitaria.com.br\/en\/aefw-promove-curso-de-imersao-em-planejamento-estrategico\/\" title=\"Read More\"> <span class=\"button\">Read More<\/span><\/a><\/div>","protected":false},"author":2,"featured_media":55207,"comment_status":"open","ping_status":"closed","sticky":false,"template":"","format":"standard","meta":{"ngg_post_thumbnail":0,"footnotes":""},"categories":[33],"tags":[],"class_list":["post-55205","post","type-post","status-publish","format-standard","has-post-thumbnail","hentry","category-noticias"],"amp_enabled":true,"_links":{"self":[{"href":"https:\/\/www2.comunitaria.com.br\/en\/wp-json\/wp\/v2\/posts\/55205","targetHints":{"allow":["GET"]}}],"collection":[{"href":"https:\/\/www2.comunitaria.com.br\/en\/wp-json\/wp\/v2\/posts"}],"about":[{"href":"https:\/\/www2.comunitaria.com.br\/en\/wp-json\/wp\/v2\/types\/post"}],"author":[{"embeddable":true,"href":"https:\/\/www2.comunitaria.com.br\/en\/wp-json\/wp\/v2\/users\/2"}],"replies":[{"embeddable":true,"href":"https:\/\/www2.comunitaria.com.br\/en\/wp-json\/wp\/v2\/comments?post=55205"}],"version-history":[{"count":0,"href":"https:\/\/www2.comunitaria.com.br\/en\/wp-json\/wp\/v2\/posts\/55205\/revisions"}],"wp:featuredmedia":[{"embeddable":true,"href":"https:\/\/www2.comunitaria.com.br\/en\/wp-json\/wp\/v2\/media\/55207"}],"wp:attachment":[{"href":"https:\/\/www2.comunitaria.com.br\/en\/wp-json\/wp\/v2\/media?parent=55205"}],"wp:term":[{"taxonomy":"category","embeddable":true,"href":"https:\/\/www2.comunitaria.com.br\/en\/wp-json\/wp\/v2\/categories?post=55205"},{"taxonomy":"post_tag","embeddable":true,"href":"https:\/\/www2.comunitaria.com.br\/en\/wp-json\/wp\/v2\/tags?post=55205"}],"curies":[{"name":"wp","href":"https:\/\/api.w.org\/{rel}","templated":true}]}}