{"id":55115,"date":"2022-09-01T10:24:08","date_gmt":"2022-09-01T12:24:08","guid":{"rendered":"http:\/\/www2.comunitaria.com.br\/?p=55115"},"modified":"2022-09-01T10:24:08","modified_gmt":"2022-09-01T12:24:08","slug":"e-fake-que-as-dividas-de-90-de-jovens-junto-ao-fies-foram-anistiadas","status":"publish","type":"post","link":"https:\/\/www2.comunitaria.com.br\/en\/e-fake-que-as-dividas-de-90-de-jovens-junto-ao-fies-foram-anistiadas\/","title":{"rendered":"\u00c9 #FAKE que as d\u00edvidas de 90% de jovens junto ao Fies foram anistiadas"},"content":{"rendered":"<p><span style=\"font-weight: 400;\">Circula pelas redes sociais a informa\u00e7\u00e3o de que as d\u00edvidas de 90% de jovens junto ao Fies foram anistiadas. Tome cuidado, essa not\u00edcia \u00e9 falsa.&nbsp;<\/span><\/p>\n<p><span style=\"font-weight: 400;\">Essa foi uma declara\u00e7\u00e3o do Presidente da Rep\u00fablica e candidato \u00e0 reelei\u00e7\u00e3o, Jair Bolsonaro (PL), durante a <a href=\"https:\/\/globoplay.globo.com\/v\/10872173\/\">entrevista concedida ao Jornal Nacional<\/a>, na \u00faltima semana, no dia 22 de agosto. Entre as considera\u00e7\u00f5es finais, Bolsonaro cita que durante o seu mandato, foi anistiada a d\u00edvida de 90% dos jovens junto ao Fies (Fundo de Financiamento Estudantil). No entanto, essa informa\u00e7\u00e3o \u00e9 falsa.&nbsp;<\/span><\/p>\n<p><span style=\"font-weight: 400;\">O presidente Bolsonaro realmente sancionou, em junho deste ano,&nbsp; uma medida provis\u00f3ria que prev\u00ea descontos na renegocia\u00e7\u00e3o de d\u00edvidas do Fies. A lei <a href=\"https:\/\/www.planalto.gov.br\/ccivil_03\/_Ato2019-2022\/2022\/Lei\/L14375.htm\">14.375\/2022<\/a>, aprovada pelo Congresso a partir desta MP, permite a renegocia\u00e7\u00e3o dos d\u00e9bitos de estudantes que aderiram ao programa estudantil at\u00e9 o segundo semestre de 2017. A norma determina descontos de acordo com o perfil do devedor e pode chegar a at\u00e9 99%.&nbsp;<\/span><\/p>\n<p><span style=\"font-weight: 400;\">Por\u00e9m, nenhuma d\u00edvida foi renegociada ainda, e a ades\u00e3o depende dos estudantes devedores. O prazo para que os cidad\u00e3os com d\u00e9bitos em aberto procurem os agentes financeiros para pedir a renegocia\u00e7\u00e3o s\u00f3 come\u00e7a no dia 1\u00ba de setembro, e segue at\u00e9 o dia 31 de dezembro deste ano.<\/span><\/p>\n<p><span style=\"font-weight: 400;\">Al\u00e9m disso, a parcela de devedores que ter\u00e3o direito a perd\u00e3o de 99% do saldo devedor ao Fies corresponde a apenas 17% do total de 1 milh\u00e3o de inadimplentes, e n\u00e3o a 90% dos jovens inscritos no programa. O maior percentual de desconto \u00e9 previsto apenas para quem est\u00e1 com parcelas atrasadas h\u00e1 mais de 360 dias e recebe benef\u00edcios sociais do governo ou est\u00e1 inscrito no Cad\u00danico (Cadastro \u00danico para Programas Sociais do Governo Federal).&nbsp;<\/span><\/p>","protected":false},"excerpt":{"rendered":"<p>Circula pelas redes sociais a informa\u00e7\u00e3o de que as d\u00edvidas de 90% de jovens junto ao Fies foram anistiadas. Tome cuidado, essa not\u00edcia \u00e9 falsa.&nbsp; Essa foi uma declara\u00e7\u00e3o do&#8230;<\/p>","protected":false},"author":2,"featured_media":55117,"comment_status":"open","ping_status":"closed","sticky":false,"template":"","format":"standard","meta":{"ngg_post_thumbnail":0,"footnotes":""},"categories":[44,6173,6170],"tags":[],"class_list":["post-55115","post","type-post","status-publish","format-standard","has-post-thumbnail","hentry","category-educacao","category-eleicoes-2022","category-fato-ou-fake"],"amp_enabled":true,"_links":{"self":[{"href":"https:\/\/www2.comunitaria.com.br\/en\/wp-json\/wp\/v2\/posts\/55115","targetHints":{"allow":["GET"]}}],"collection":[{"href":"https:\/\/www2.comunitaria.com.br\/en\/wp-json\/wp\/v2\/posts"}],"about":[{"href":"https:\/\/www2.comunitaria.com.br\/en\/wp-json\/wp\/v2\/types\/post"}],"author":[{"embeddable":true,"href":"https:\/\/www2.comunitaria.com.br\/en\/wp-json\/wp\/v2\/users\/2"}],"replies":[{"embeddable":true,"href":"https:\/\/www2.comunitaria.com.br\/en\/wp-json\/wp\/v2\/comments?post=55115"}],"version-history":[{"count":0,"href":"https:\/\/www2.comunitaria.com.br\/en\/wp-json\/wp\/v2\/posts\/55115\/revisions"}],"wp:featuredmedia":[{"embeddable":true,"href":"https:\/\/www2.comunitaria.com.br\/en\/wp-json\/wp\/v2\/media\/55117"}],"wp:attachment":[{"href":"https:\/\/www2.comunitaria.com.br\/en\/wp-json\/wp\/v2\/media?parent=55115"}],"wp:term":[{"taxonomy":"category","embeddable":true,"href":"https:\/\/www2.comunitaria.com.br\/en\/wp-json\/wp\/v2\/categories?post=55115"},{"taxonomy":"post_tag","embeddable":true,"href":"https:\/\/www2.comunitaria.com.br\/en\/wp-json\/wp\/v2\/tags?post=55115"}],"curies":[{"name":"wp","href":"https:\/\/api.w.org\/{rel}","templated":true}]}}