{"id":55112,"date":"2022-08-31T17:24:29","date_gmt":"2022-08-31T19:24:29","guid":{"rendered":"http:\/\/www2.comunitaria.com.br\/?p=55112"},"modified":"2022-08-31T17:24:29","modified_gmt":"2022-08-31T19:24:29","slug":"de-maos-dadas-com-a-sociedade","status":"publish","type":"post","link":"https:\/\/www2.comunitaria.com.br\/en\/de-maos-dadas-com-a-sociedade\/","title":{"rendered":"De m\u00e3os dadas com a sociedade"},"content":{"rendered":"<p>A mudan\u00e7a faz parte da din\u00e2mica da vida e, como as pessoas, as institui\u00e7\u00f5es tamb\u00e9m se renovam. Nas \u00faltimas d\u00e9cadas, as universidades v\u00eam se transformando, atentas \u00e0 realidade e \u00e0 nova conjuntura social e econ\u00f4mica. Contudo, na educa\u00e7\u00e3o superior, para al\u00e9m da ousadia que toda mudan\u00e7a requer, cabe sempre considerar a qualidade deste movimento.<\/p>\n<p>Em universidades cinquenten\u00e1rias, por exemplo, mudar significa respeitar a trajet\u00f3ria percorrida, cuidar do conhecimento constru\u00eddo e das pessoas envolvidas no processo educativo. Exige planejamento e escolhas assertivas, capazes de atender aos desafios contempor\u00e2neos e, ao mesmo tempo, preservar os princ\u00edpios institucionais que d\u00e3o sentido \u00e0 sua exist\u00eancia. Excel\u00eancia acad\u00eamica na forma\u00e7\u00e3o pessoal e profissional, vanguarda na ci\u00eancia e na pesquisa, \u00edntima rela\u00e7\u00e3o com a comunidade em favor do desenvolvimento regional s\u00e3o valores que se sobrep\u00f5em \u00e0 vicissitude do cen\u00e1rio.<\/p>\n<p>Nas institui\u00e7\u00f5es comunit\u00e1rias, temos ci\u00eancia de que o esp\u00edrito da mudan\u00e7a s\u00f3 ganha for\u00e7a e organicidade se contribuir para que nossa miss\u00e3o, voltada \u00e0 forma\u00e7\u00e3o integral e \u00e0 transforma\u00e7\u00e3o social, seja melhor alcan\u00e7ada.&nbsp; M\u00e3os e mentes capazes s\u00e3o necess\u00e1rias para, cada vez mais, aproximar a universidade das organiza\u00e7\u00f5es, dos \u00f3rg\u00e3os p\u00fablicos, das empresas, da ind\u00fastria, dos diferentes segmentos da sociedade civil.<\/p>\n<p>Diante desta convic\u00e7\u00e3o, apostamos nos parques cient\u00edfico-tecnol\u00f3gicos que fomentam a inova\u00e7\u00e3o, fortalecem a rede de ci\u00eancia e tecnologia e as parcerias, e dinamizamos as intera\u00e7\u00f5es entre estudantes e professores pelo di\u00e1logo interdisciplinar. Conectada com as pr\u00e1ticas e territ\u00f3rios profissionais, a universidade \u00e9 espa\u00e7o de cria\u00e7\u00e3o e de novas ideias, de amplia\u00e7\u00e3o da capacidade de reflex\u00e3o, de cr\u00edtica, investigativa e da cidadania. Assim, faz a diferen\u00e7a na vida das pessoas e do seu entorno.<\/p>\n<p>Focar na forma\u00e7\u00e3o que conecta conhecimentos e no trabalho colaborativo entre universidade e comunidade, com inova\u00e7\u00e3o, ci\u00eancia e tecnologia, em prol do bem comum e de uma vida melhor, s\u00e3o formas de responder \u00e0s demandas da nossa era. Isso \u00e9 mudar com responsabilidade para manter-se em desenvolvimento. De m\u00e3os dadas, ganhamos todos.<\/p>\n<p>&nbsp;<\/p>\n<p><em>Reitora da Universidade de Passo Fundo (UPF)<\/em><\/p>","protected":false},"excerpt":{"rendered":"<p>A mudan\u00e7a faz parte da din\u00e2mica da vida e, como as pessoas, as institui\u00e7\u00f5es tamb\u00e9m se renovam. Nas \u00faltimas d\u00e9cadas, as universidades v\u00eam se transformando, atentas \u00e0 realidade e \u00e0 nova conjuntura social e econ\u00f4mica. Contudo, na educa\u00e7\u00e3o superior, para al\u00e9m da ousadia que toda mudan\u00e7a requer, cabe sempre considerar a qualidade deste movimento. Em<\/p>\n<div class=\"read-more-wrapper\"><a class=\"read-more\" href=\"https:\/\/www2.comunitaria.com.br\/en\/de-maos-dadas-com-a-sociedade\/\" title=\"Read More\"> <span class=\"button\">Read More<\/span><\/a><\/div>","protected":false},"author":2,"featured_media":55114,"comment_status":"open","ping_status":"closed","sticky":false,"template":"","format":"standard","meta":{"ngg_post_thumbnail":0,"footnotes":""},"categories":[44,46,33],"tags":[],"class_list":["post-55112","post","type-post","status-publish","format-standard","has-post-thumbnail","hentry","category-educacao","category-estado","category-noticias"],"amp_enabled":true,"_links":{"self":[{"href":"https:\/\/www2.comunitaria.com.br\/en\/wp-json\/wp\/v2\/posts\/55112","targetHints":{"allow":["GET"]}}],"collection":[{"href":"https:\/\/www2.comunitaria.com.br\/en\/wp-json\/wp\/v2\/posts"}],"about":[{"href":"https:\/\/www2.comunitaria.com.br\/en\/wp-json\/wp\/v2\/types\/post"}],"author":[{"embeddable":true,"href":"https:\/\/www2.comunitaria.com.br\/en\/wp-json\/wp\/v2\/users\/2"}],"replies":[{"embeddable":true,"href":"https:\/\/www2.comunitaria.com.br\/en\/wp-json\/wp\/v2\/comments?post=55112"}],"version-history":[{"count":0,"href":"https:\/\/www2.comunitaria.com.br\/en\/wp-json\/wp\/v2\/posts\/55112\/revisions"}],"wp:featuredmedia":[{"embeddable":true,"href":"https:\/\/www2.comunitaria.com.br\/en\/wp-json\/wp\/v2\/media\/55114"}],"wp:attachment":[{"href":"https:\/\/www2.comunitaria.com.br\/en\/wp-json\/wp\/v2\/media?parent=55112"}],"wp:term":[{"taxonomy":"category","embeddable":true,"href":"https:\/\/www2.comunitaria.com.br\/en\/wp-json\/wp\/v2\/categories?post=55112"},{"taxonomy":"post_tag","embeddable":true,"href":"https:\/\/www2.comunitaria.com.br\/en\/wp-json\/wp\/v2\/tags?post=55112"}],"curies":[{"name":"wp","href":"https:\/\/api.w.org\/{rel}","templated":true}]}}