{"id":55101,"date":"2022-08-30T17:38:09","date_gmt":"2022-08-30T19:38:09","guid":{"rendered":"http:\/\/www2.comunitaria.com.br\/?p=55101"},"modified":"2022-08-30T17:38:09","modified_gmt":"2022-08-30T19:38:09","slug":"ipec-se-eleicoes-fossem-hoje-lula-ganharia-ja-no-1o-turno","status":"publish","type":"post","link":"https:\/\/www2.comunitaria.com.br\/en\/ipec-se-eleicoes-fossem-hoje-lula-ganharia-ja-no-1o-turno\/","title":{"rendered":"Ipec: Se elei\u00e7\u00f5es fossem hoje, Lula ganharia j\u00e1 no 1\u00ba turno"},"content":{"rendered":"<p>O ex-presidente Lula (PT) segue liderando a disputa pelo Pal\u00e1cio do Planalto, com 44% das inten\u00e7\u00f5es de voto, \u00e9 o que diz a nova pesquisa presidencial do Ipec (antigo Ibope), divulgada nesta segunda-feira (29). Trata-se do primeiro levantamento do instituto ap\u00f3s o in\u00edcio das propagandas eleitorais no r\u00e1dio e TV.<br \/>\nO levantamento mostra estabilidade na disputa, visto que no \u00faltimo estudo do Ipec, de 15 de agosto, Lula tinha os mesmos 44%. Jair Bolsonaro (PL), que est\u00e1 em segundo lugar, tamb\u00e9m registrou os mesmos 32% que j\u00e1 tinha na \u00faltima pesquisa.<br \/>\nJ\u00e1 Ciro Gomes (PDT), que no estudo anterior tinha 6%, oscilou positivamente para 7%. O mesmo aconteceu com Simone Tebet (MDB), que antes tinha 2% e agora parece com 3%. Felipe d\u2019Avila (Novo), por sua vez, registra 1% das inten\u00e7\u00f5es de voto. Votos em branco e nulos representam 7%, enquanto outros 6% n\u00e3o sabem ou n\u00e3o responderam.<\/p>\n<p>INTEN\u00c7\u00d5ES<br \/>\nCom os n\u00fameros atuais, Lula poderia vencer a elei\u00e7\u00e3o j\u00e1 no primeiro turno. Isso porque o petista, em votos v\u00e1lidos, isto \u00e9, desconsiderando os brancos e nulos, atinge 51%. Ele possui mais inten\u00e7\u00f5es de voto que todos os outros candidatos somados.<br \/>\nA pesquisa Ipec contou com 2 mil entrevistas feitas em 128 munic\u00edpios brasileiros entre os dias 26 e 28 de agosto. A margem de erro \u00e9 de 2 pontos percentuais, para mais ou para menos.<br \/>\nConfira os n\u00fameros<br \/>\n\u2022 Lula (PT): 44%<br \/>\n\u2022 Jair Bolsonaro (PL): 32%<br \/>\n\u2022 Ciro Gomes (PDT): 7%<br \/>\n\u2022 Simone Tebet (MDB): 2%<br \/>\n\u2022 Felipe d\u2019Avila (Novo): 1%<br \/>\nOs demais candidatos n\u00e3o pontuaram.<\/p>","protected":false},"excerpt":{"rendered":"<p>O ex-presidente Lula (PT) segue liderando a disputa pelo Pal\u00e1cio do Planalto, com 44% das inten\u00e7\u00f5es de voto, \u00e9 o que diz a nova pesquisa presidencial do Ipec (antigo Ibope),&#8230;<\/p>","protected":false},"author":2,"featured_media":52273,"comment_status":"open","ping_status":"closed","sticky":false,"template":"","format":"standard","meta":{"ngg_post_thumbnail":0,"footnotes":""},"categories":[6173,33,38],"tags":[],"class_list":["post-55101","post","type-post","status-publish","format-standard","has-post-thumbnail","hentry","category-eleicoes-2022","category-noticias","category-politica"],"amp_enabled":true,"_links":{"self":[{"href":"https:\/\/www2.comunitaria.com.br\/en\/wp-json\/wp\/v2\/posts\/55101","targetHints":{"allow":["GET"]}}],"collection":[{"href":"https:\/\/www2.comunitaria.com.br\/en\/wp-json\/wp\/v2\/posts"}],"about":[{"href":"https:\/\/www2.comunitaria.com.br\/en\/wp-json\/wp\/v2\/types\/post"}],"author":[{"embeddable":true,"href":"https:\/\/www2.comunitaria.com.br\/en\/wp-json\/wp\/v2\/users\/2"}],"replies":[{"embeddable":true,"href":"https:\/\/www2.comunitaria.com.br\/en\/wp-json\/wp\/v2\/comments?post=55101"}],"version-history":[{"count":0,"href":"https:\/\/www2.comunitaria.com.br\/en\/wp-json\/wp\/v2\/posts\/55101\/revisions"}],"wp:featuredmedia":[{"embeddable":true,"href":"https:\/\/www2.comunitaria.com.br\/en\/wp-json\/wp\/v2\/media\/52273"}],"wp:attachment":[{"href":"https:\/\/www2.comunitaria.com.br\/en\/wp-json\/wp\/v2\/media?parent=55101"}],"wp:term":[{"taxonomy":"category","embeddable":true,"href":"https:\/\/www2.comunitaria.com.br\/en\/wp-json\/wp\/v2\/categories?post=55101"},{"taxonomy":"post_tag","embeddable":true,"href":"https:\/\/www2.comunitaria.com.br\/en\/wp-json\/wp\/v2\/tags?post=55101"}],"curies":[{"name":"wp","href":"https:\/\/api.w.org\/{rel}","templated":true}]}}