{"id":55070,"date":"2022-08-29T17:53:27","date_gmt":"2022-08-29T19:53:27","guid":{"rendered":"http:\/\/www2.comunitaria.com.br\/?p=55070"},"modified":"2022-08-29T17:53:27","modified_gmt":"2022-08-29T19:53:27","slug":"confira-a-programacao-da-semana-da-patria-em-fw","status":"publish","type":"post","link":"https:\/\/www2.comunitaria.com.br\/en\/confira-a-programacao-da-semana-da-patria-em-fw\/","title":{"rendered":"Confira a programa\u00e7\u00e3o da semana da P\u00e1tria em FW"},"content":{"rendered":"<p>A Administra\u00e7\u00e3o Municipal atrav\u00e9s da secretaria de Educa\u00e7\u00e3o e Cultura e Secretaria de Esportes, Juventude e Lazer divulgou nesta semana a programa\u00e7\u00e3o das atividades alusivas a Semana da P\u00e1tria em 2022, no munic\u00edpio de Frederico Westphalen. As atividades iniciam no dia 01 de setembro e se estendem at\u00e9 o dia 07 de setembro. Neste ano, a Semana tem como tema o Bicenten\u00e1rio da Independ\u00eancia.<br \/>\nConfira a programa\u00e7\u00e3o:<\/p>\n<p><strong>01\/09\/2022 &#8211; Quinta-feira<\/strong><\/p>\n<p>8h- Abertura Oficial, com participa\u00e7\u00e3o de autoridades, escolas e comunidade em geral,no Largo Vitalino Cerutti:<br \/>\nCondu\u00e7\u00e3o do Fogo Simb\u00f3lico por atletas da Escolinha de Futsal da EMEF Irm\u00e3 Odila Lehnen, da Pra\u00e7a do Barril at\u00e9 a Pira da P\u00e1tria, na Pra\u00e7a Dom Bruno Maldaner;<br \/>\nHasteamento dos Pavilh\u00f5es;<br \/>\nEntoa\u00e7\u00e3o do Hino Nacional;<br \/>\nPronunciamento Oficial.&nbsp;<br \/>\n&nbsp;<br \/>\nApresenta\u00e7\u00f5es C\u00edvico-Culturais:<br \/>\nEscola Municipal&nbsp; de Ensino Fundamental Giusto Damo;<br \/>\nBanda da EMEF Duque de Caxias;<br \/>\nBanda da EEEM Cardeal Roncalli;<br \/>\nBanda da EEEF Afonso Pena;<br \/>\nBanda da&nbsp; EMEF Irm\u00e3 Odila Lehnen;<br \/>\nBanda da&nbsp; EEEM Cardeal Roncalli;<br \/>\nBanda Marcial da Escola de Educa\u00e7\u00e3o B\u00e1sica Sep\u00e9 Tiaraju.<\/p>\n<p>&nbsp;<br \/>\n<strong>04\/09\/2022 &#8211; Domingo<\/strong><\/p>\n<p>14h-ABERTURA DA COPA FREDERIQUENSE DE FUTEBOL, contemplando as comunidades de Osvaldo Cruz, Castelinho, S\u00e3o Cristov\u00e3o, Encruzilhada, Linha Santos Anjos, Boa Esperan\u00e7a, Linha S\u00e3o Paulo, Itapag\u00e9,&nbsp; Sersa, Linha Barrilense, Linha Alto Alegre.<br \/>\n&nbsp;<br \/>\n<strong>07\/09\/2022 &#8211; Quarta-feira<\/strong><br \/>\n14h-Momento C\u00edvico Tributo ao Bicenten\u00e1rio da Independ\u00eancia do Brasil.<br \/>\nEncontro de Bandas Marciais:<br \/>\nBanda da EMEF Duque de Caxias;<br \/>\nBanda da EEEM Cardeal Roncalli;<br \/>\nBanda da EEEF Afonso Pena;<br \/>\nBanda da&nbsp; EMEF Irm\u00e3 Odila Lehnen;<br \/>\nBanda da&nbsp; EEEM Cardeal Roncalli;<br \/>\nBanda Marcial da Escola de Educa\u00e7\u00e3o B\u00e1sica Sep\u00e9 Tiaraju.<br \/>\n&nbsp;<br \/>\nArriamento dos Pavilh\u00f5es :&nbsp;&nbsp;&nbsp;&nbsp;&nbsp;&nbsp;&nbsp;&nbsp;&nbsp;<br \/>\nNacional:&nbsp; Sr. Emerson Moresco, Presidente&nbsp; da ADF<br \/>\nEstadual: Sra. Juss\u00e2nia Basso Bordin, Diretora da APAE.<br \/>\nMunicipal: Sr.Tiago Andr\u00e9 Hahn, Presidente da Associa\u00e7\u00e3o Regional de Pais e Amigos dos Autistas \u201cMiguel\u201d.<br \/>\n&nbsp;<br \/>\nExtin\u00e7\u00e3o do Fogo Simb\u00f3lico &nbsp;pelo&nbsp; 1\u00ba Sargento Jonas Tiago de Almeida -37\u00ba BPM.<\/p>\n<p>&nbsp;<\/p>","protected":false},"excerpt":{"rendered":"<p>A Administra\u00e7\u00e3o Municipal atrav\u00e9s da secretaria de Educa\u00e7\u00e3o e Cultura e Secretaria de Esportes, Juventude e Lazer divulgou nesta semana a programa\u00e7\u00e3o das atividades alusivas a Semana da P\u00e1tria em 2022, no munic\u00edpio de Frederico Westphalen. As atividades iniciam no dia 01 de setembro e se estendem at\u00e9 o dia 07 de setembro. Neste ano,<\/p>\n<div class=\"read-more-wrapper\"><a class=\"read-more\" href=\"https:\/\/www2.comunitaria.com.br\/en\/confira-a-programacao-da-semana-da-patria-em-fw\/\" title=\"Read More\"> <span class=\"button\">Read More<\/span><\/a><\/div>","protected":false},"author":2,"featured_media":55072,"comment_status":"open","ping_status":"closed","sticky":false,"template":"","format":"standard","meta":{"ngg_post_thumbnail":0,"footnotes":""},"categories":[3593,42,28,33],"tags":[],"class_list":["post-55070","post","type-post","status-publish","format-standard","has-post-thumbnail","hentry","category-cultura","category-fred-west","category-destaque","category-noticias"],"amp_enabled":true,"_links":{"self":[{"href":"https:\/\/www2.comunitaria.com.br\/en\/wp-json\/wp\/v2\/posts\/55070","targetHints":{"allow":["GET"]}}],"collection":[{"href":"https:\/\/www2.comunitaria.com.br\/en\/wp-json\/wp\/v2\/posts"}],"about":[{"href":"https:\/\/www2.comunitaria.com.br\/en\/wp-json\/wp\/v2\/types\/post"}],"author":[{"embeddable":true,"href":"https:\/\/www2.comunitaria.com.br\/en\/wp-json\/wp\/v2\/users\/2"}],"replies":[{"embeddable":true,"href":"https:\/\/www2.comunitaria.com.br\/en\/wp-json\/wp\/v2\/comments?post=55070"}],"version-history":[{"count":0,"href":"https:\/\/www2.comunitaria.com.br\/en\/wp-json\/wp\/v2\/posts\/55070\/revisions"}],"wp:featuredmedia":[{"embeddable":true,"href":"https:\/\/www2.comunitaria.com.br\/en\/wp-json\/wp\/v2\/media\/55072"}],"wp:attachment":[{"href":"https:\/\/www2.comunitaria.com.br\/en\/wp-json\/wp\/v2\/media?parent=55070"}],"wp:term":[{"taxonomy":"category","embeddable":true,"href":"https:\/\/www2.comunitaria.com.br\/en\/wp-json\/wp\/v2\/categories?post=55070"},{"taxonomy":"post_tag","embeddable":true,"href":"https:\/\/www2.comunitaria.com.br\/en\/wp-json\/wp\/v2\/tags?post=55070"}],"curies":[{"name":"wp","href":"https:\/\/api.w.org\/{rel}","templated":true}]}}