{"id":55031,"date":"2022-08-24T18:00:02","date_gmt":"2022-08-24T20:00:02","guid":{"rendered":"http:\/\/www2.comunitaria.com.br\/?p=55031"},"modified":"2022-08-24T18:00:02","modified_gmt":"2022-08-24T20:00:02","slug":"apos-chamar-padre-julio-lancellotti-de-bandido-luciano-hang-e-condenado","status":"publish","type":"post","link":"https:\/\/www2.comunitaria.com.br\/en\/apos-chamar-padre-julio-lancellotti-de-bandido-luciano-hang-e-condenado\/","title":{"rendered":"Ap\u00f3s chamar Padre J\u00falio Lancellotti de \u201cbandido\u201d, Luciano Hang \u00e9 condenado"},"content":{"rendered":"<p>A Justi\u00e7a de S\u00e3o Paulo condenou o empres\u00e1rio Luciano Hang, conhecido como V\u00e9io da Havan, a pagar danos morais ao padre J\u00falio Lancellotti, da Pastoral do Povo da Rua de S\u00e3o Paulo e \u00e0 Igreja Cat\u00f3lica, por ter chamado, em maio deste ano, o religioso de \u201cbandido\u201d no grupo de WhatsApp Empres\u00e1rios &amp; Pol\u00edtica.<br \/>\nHang pediu a improced\u00eancia da a\u00e7\u00e3o alegando na contesta\u00e7\u00e3o que chamar o padre de \u201cbandido\u201d era apenas uma cr\u00edtica \u201c\u00e1cida\u201d.<br \/>\nA ju\u00edza Eliana Adorno de Toledo Tavares julgou a a\u00e7\u00e3o procedente em parte e determinou que Hang pague R$ 8 mil de indeniza\u00e7\u00e3o.<br \/>\nNicholas Berro, advogado de J\u00falio Lancellotti, afirmou que ainda cabe recurso da decis\u00e3o.<\/p>\n<p><strong>ENTENDA<\/strong><br \/>\nHang disse que padres que auxiliam pessoas pobres est\u00e3o errados e que a Igreja \u00e9 \u201cc\u00famplice das mazelas do PT\u201d.<br \/>\n\u201c\u00c9 da turma do Lula. Hipocrisia pura. Temos que ensinar a pescar, e n\u00e3o dar o peixe. Cada dia que passa \u00e9 mais malandro vivendo nas costas de quem trabalha\u201d, acrescentando: \u201cQuem defende bandido, bandido \u00e9\u201d, escreveu Hang.<br \/>\nA conversa teve in\u00edcio ap\u00f3s algu\u00e9m do grupo compartilhar reportagem do site Brazil Journal intitulada \u201cNa S\u00e3o Paulo g\u00e9lida, um padre e a (verdadeira) m\u00e3o de Deus\u201d, com uma foto de Lancellotti.<\/p>","protected":false},"excerpt":{"rendered":"<p>A Justi\u00e7a de S\u00e3o Paulo condenou o empres\u00e1rio Luciano Hang, conhecido como V\u00e9io da Havan, a pagar danos morais ao padre J\u00falio Lancellotti, da Pastoral do Povo da Rua de&#8230;<\/p>","protected":false},"author":2,"featured_media":55033,"comment_status":"open","ping_status":"closed","sticky":false,"template":"","format":"standard","meta":{"ngg_post_thumbnail":0,"footnotes":""},"categories":[33],"tags":[],"class_list":["post-55031","post","type-post","status-publish","format-standard","has-post-thumbnail","hentry","category-noticias"],"amp_enabled":true,"_links":{"self":[{"href":"https:\/\/www2.comunitaria.com.br\/en\/wp-json\/wp\/v2\/posts\/55031","targetHints":{"allow":["GET"]}}],"collection":[{"href":"https:\/\/www2.comunitaria.com.br\/en\/wp-json\/wp\/v2\/posts"}],"about":[{"href":"https:\/\/www2.comunitaria.com.br\/en\/wp-json\/wp\/v2\/types\/post"}],"author":[{"embeddable":true,"href":"https:\/\/www2.comunitaria.com.br\/en\/wp-json\/wp\/v2\/users\/2"}],"replies":[{"embeddable":true,"href":"https:\/\/www2.comunitaria.com.br\/en\/wp-json\/wp\/v2\/comments?post=55031"}],"version-history":[{"count":0,"href":"https:\/\/www2.comunitaria.com.br\/en\/wp-json\/wp\/v2\/posts\/55031\/revisions"}],"wp:featuredmedia":[{"embeddable":true,"href":"https:\/\/www2.comunitaria.com.br\/en\/wp-json\/wp\/v2\/media\/55033"}],"wp:attachment":[{"href":"https:\/\/www2.comunitaria.com.br\/en\/wp-json\/wp\/v2\/media?parent=55031"}],"wp:term":[{"taxonomy":"category","embeddable":true,"href":"https:\/\/www2.comunitaria.com.br\/en\/wp-json\/wp\/v2\/categories?post=55031"},{"taxonomy":"post_tag","embeddable":true,"href":"https:\/\/www2.comunitaria.com.br\/en\/wp-json\/wp\/v2\/tags?post=55031"}],"curies":[{"name":"wp","href":"https:\/\/api.w.org\/{rel}","templated":true}]}}