{"id":55020,"date":"2022-08-24T14:45:33","date_gmt":"2022-08-24T16:45:33","guid":{"rendered":"http:\/\/www2.comunitaria.com.br\/?p=55020"},"modified":"2022-08-24T14:45:33","modified_gmt":"2022-08-24T16:45:33","slug":"e-fake-que-oms-teria-se-desculpado-por-ter-sido-contra-o-uso-de-cloroquina-e-azitromicina-no-tratamento-contra-a-covid-19","status":"publish","type":"post","link":"https:\/\/www2.comunitaria.com.br\/en\/e-fake-que-oms-teria-se-desculpado-por-ter-sido-contra-o-uso-de-cloroquina-e-azitromicina-no-tratamento-contra-a-covid-19\/","title":{"rendered":"\u00c9 #FAKE que OMS teria se desculpado por ter sido contra o uso de cloroquina e azitromicina no tratamento contra a Covid-19"},"content":{"rendered":"<p><span style=\"font-weight: 400;\">Circula pela internet uma mensagem que diz que a OMS teria se desculpado por ter sido contra o uso de cloroquina e azitromicina no tratamento contra a Covid-19. Tome cuidado, essa not\u00edcia \u00e9 falsa!&nbsp;<\/span><\/p>\n<p><span style=\"font-weight: 400;\">O conte\u00fado com a informa\u00e7\u00e3o falsa se baseia no trecho de um v\u00eddeo em que o apresentador Sik\u00eara J\u00fanior afirma que a Organiza\u00e7\u00e3o Mundial da Sa\u00fade (OMS) se desculpou por \u201cn\u00e3o ter autorizado\u201d o uso de cloroquina e azitromicina no tratamento da Covid-19. A afirma\u00e7\u00e3o foi feita no programa Alerta Nacional, exibido pela TV A Cr\u00edtica, emissora de televis\u00e3o brasileira sediada em Manaus, em 10 de junho de 2020.&nbsp;<\/span><\/p>\n<p><span style=\"font-weight: 400;\">O v\u00eddeo original foi removido por violar as diretrizes da comunidade do YouTube, que n\u00e3o permite a exibi\u00e7\u00e3o de conte\u00fado sobre a pandemia de coronav\u00edrus que apresente s\u00e9rios riscos de danos significativos \u00e0 sa\u00fade.&nbsp;<\/span><\/p>\n<p><span style=\"font-weight: 400;\">Entretanto, a OMS nunca pediu desculpas por n\u00e3o recomendar os dois rem\u00e9dios contra o coronav\u00edrus; ali\u00e1s, a entidade n\u00e3o \u00e9 respons\u00e1vel por autorizar o uso dos medicamentos no Pa\u00eds. Este papel cabe \u00e0 Ag\u00eancia Nacional de Vigil\u00e2ncia Sanit\u00e1ria (Anvisa).<\/span><\/p>\n<p><span style=\"font-weight: 400;\">Na \u00e9poca da pol\u00eamica, o \u201cpedido de desculpas\u201d era uma interpreta\u00e7\u00e3o err\u00f4nea de uma declara\u00e7\u00e3o do diretor de emerg\u00eancia sanit\u00e1ria da OMS, Michael Ryan, em uma entrevista coletiva concedida no dia 5 de junho daquele ano.&nbsp;<\/span><\/p>\n<p><span style=\"font-weight: 400;\">Na ocasi\u00e3o, Ryan foi questionado sobre a retomada de uma pesquisa da OMS sobre o uso de hidroxicloroquina para o tratamento da Covid-19 ap\u00f3s a revista The Lancet retratar um estudo sobre o assunto. Ocorre que o diretor nunca pediu desculpas por a OMS n\u00e3o recomendar o medicamento no combate \u00e0 covid-19 e nem por ter retomado as pesquisas. Ele se desculpou por poss\u00edveis sinais conflitantes da comunidade cient\u00edfica que possam ter causado confus\u00e3o ao longo da pandemia.&nbsp;<\/span><\/p>\n<p><span style=\"font-weight: 400;\">As recomenda\u00e7\u00f5es mais atuais da OMS sobre uso de terapias no tratamento de covid-19 foram publicadas em 14 de julho de 2022. O documento manteve a forte recomenda\u00e7\u00e3o contra o uso de hidroxicloroquina em pacientes com qualquer gravidade da doen\u00e7a, existente desde 17 de dezembro de 2020.&nbsp;<\/span><\/p>\n<p><span style=\"font-weight: 400;\">Mesmo ap\u00f3s quase dois anos de pandemia de Covid-19, posts nas redes sociais ainda defendem que a cloroquina e a azitromicina sejam usadas para prevenir a doen\u00e7a, compondo o chamado \u2018kit covid\u2019. No entanto, isso n\u00e3o \u00e9 eficaz e nem seguro para a sa\u00fade. A hidroxicloroquina, por exemplo, pode ter efeitos colaterais graves, incluindo les\u00e3o hep\u00e1tica aguda, convuls\u00f5es e problemas cardiovasculares.&nbsp;<\/span><\/p>\n<p>&nbsp;<\/p>","protected":false},"excerpt":{"rendered":"<p>Circula pela internet uma mensagem que diz que a OMS teria se desculpado por ter sido contra o uso de cloroquina e azitromicina no tratamento contra a Covid-19. Tome cuidado,&#8230;<\/p>","protected":false},"author":2,"featured_media":55022,"comment_status":"open","ping_status":"closed","sticky":false,"template":"","format":"standard","meta":{"ngg_post_thumbnail":0,"footnotes":""},"categories":[6170,37],"tags":[],"class_list":["post-55020","post","type-post","status-publish","format-standard","has-post-thumbnail","hentry","category-fato-ou-fake","category-saude"],"amp_enabled":true,"_links":{"self":[{"href":"https:\/\/www2.comunitaria.com.br\/en\/wp-json\/wp\/v2\/posts\/55020","targetHints":{"allow":["GET"]}}],"collection":[{"href":"https:\/\/www2.comunitaria.com.br\/en\/wp-json\/wp\/v2\/posts"}],"about":[{"href":"https:\/\/www2.comunitaria.com.br\/en\/wp-json\/wp\/v2\/types\/post"}],"author":[{"embeddable":true,"href":"https:\/\/www2.comunitaria.com.br\/en\/wp-json\/wp\/v2\/users\/2"}],"replies":[{"embeddable":true,"href":"https:\/\/www2.comunitaria.com.br\/en\/wp-json\/wp\/v2\/comments?post=55020"}],"version-history":[{"count":0,"href":"https:\/\/www2.comunitaria.com.br\/en\/wp-json\/wp\/v2\/posts\/55020\/revisions"}],"wp:featuredmedia":[{"embeddable":true,"href":"https:\/\/www2.comunitaria.com.br\/en\/wp-json\/wp\/v2\/media\/55022"}],"wp:attachment":[{"href":"https:\/\/www2.comunitaria.com.br\/en\/wp-json\/wp\/v2\/media?parent=55020"}],"wp:term":[{"taxonomy":"category","embeddable":true,"href":"https:\/\/www2.comunitaria.com.br\/en\/wp-json\/wp\/v2\/categories?post=55020"},{"taxonomy":"post_tag","embeddable":true,"href":"https:\/\/www2.comunitaria.com.br\/en\/wp-json\/wp\/v2\/tags?post=55020"}],"curies":[{"name":"wp","href":"https:\/\/api.w.org\/{rel}","templated":true}]}}