{"id":55011,"date":"2022-08-23T17:22:40","date_gmt":"2022-08-23T19:22:40","guid":{"rendered":"http:\/\/www2.comunitaria.com.br\/?p=55011"},"modified":"2022-08-23T17:22:40","modified_gmt":"2022-08-23T19:22:40","slug":"empresarios-que-defenderam-volta-da-ditadura-em-mensagens-sao-mira-de-operacao-da-pf","status":"publish","type":"post","link":"https:\/\/www2.comunitaria.com.br\/en\/empresarios-que-defenderam-volta-da-ditadura-em-mensagens-sao-mira-de-operacao-da-pf\/","title":{"rendered":"Empres\u00e1rios que defenderam volta da ditadura em mensagens s\u00e3o mira de opera\u00e7\u00e3o da PF"},"content":{"rendered":"<p>A Pol\u00edcia Federal cumpriu na manh\u00e3 desta ter\u00e7a-feira (23) oito mandados de busca e apreens\u00e3o em endere\u00e7os ligados a empres\u00e1rios que participavam de um grupo de WhatsApp em que discutiram a possibilidade de um golpe de Estado caso Jair Bolsonaro (PL) n\u00e3o fosse reeleito presidente nas elei\u00e7\u00f5es de outubro. A exist\u00eancia do grupo foi revelada na semana passada por reportagem do portal Metr\u00f3poles.<br \/>\nOs mandados foram expedidos pelo ministro do Supremo Tribunal Federal (STF) Alexandre de Moraes, no \u00e2mbito do inqu\u00e9rito que apura a atua\u00e7\u00e3o de mil\u00edcias digitais contra a democracia e as institui\u00e7\u00f5es brasileiras.<br \/>\nAs a\u00e7\u00f5es ocorreram nos estados do Rio Grande do Sul, Santa Catarina, S\u00e3o Paulo, Rio de Janeiro e Cear\u00e1. Segundo o portal G1, a opera\u00e7\u00e3o teve como alvo os empres\u00e1rios Afr\u00e2nio Barreira Filho (dono da rede de restaurantes Coco Bambu), Ivan Wrobel (W3 Engenharia), Jos\u00e9 Isaac Peres (Multiplan), Jos\u00e9 Koury (Barra World), Luciano Hang (Havan), Luiz Andr\u00e9 Tissot (Sierra M\u00f3veis), Marco Aur\u00e9lio Raymundo (Mormaii) e Meyer Joseph Nigri (Tecnisa).<br \/>\nAl\u00e9m das buscas, Moraes determinou bloqueio das contas banc\u00e1rias dos empres\u00e1rios, bloqueio das contas dos empres\u00e1rios nas redes sociais, tomada de depoimentos e quebra de sigilo banc\u00e1rio.<br \/>\nA discuss\u00e3o teve as respostas de v\u00e1rios empres\u00e1rios, entre eles o ga\u00facho Tissot, que defendeu que um golpe j\u00e1 deveria inclusive ter ocorrido. \u201cO golpe teria que ter acontecido nos primeiros dias de governo. [Em] 2019 ter\u00edamos ganhado outros 10 anos a mais\u201d, publicou.<\/p>","protected":false},"excerpt":{"rendered":"<p>A Pol\u00edcia Federal cumpriu na manh\u00e3 desta ter\u00e7a-feira (23) oito mandados de busca e apreens\u00e3o em endere\u00e7os ligados a empres\u00e1rios que participavam de um grupo de WhatsApp em que discutiram a possibilidade de um golpe de Estado caso Jair Bolsonaro (PL) n\u00e3o fosse reeleito presidente nas elei\u00e7\u00f5es de outubro. A exist\u00eancia do grupo foi revelada<\/p>\n<div class=\"read-more-wrapper\"><a class=\"read-more\" href=\"https:\/\/www2.comunitaria.com.br\/en\/empresarios-que-defenderam-volta-da-ditadura-em-mensagens-sao-mira-de-operacao-da-pf\/\" title=\"Read More\"> <span class=\"button\">Read More<\/span><\/a><\/div>","protected":false},"author":2,"featured_media":55013,"comment_status":"open","ping_status":"closed","sticky":false,"template":"","format":"standard","meta":{"ngg_post_thumbnail":0,"footnotes":""},"categories":[47,33,36],"tags":[],"class_list":["post-55011","post","type-post","status-publish","format-standard","has-post-thumbnail","hentry","category-brasil","category-noticias","category-policia"],"amp_enabled":true,"_links":{"self":[{"href":"https:\/\/www2.comunitaria.com.br\/en\/wp-json\/wp\/v2\/posts\/55011","targetHints":{"allow":["GET"]}}],"collection":[{"href":"https:\/\/www2.comunitaria.com.br\/en\/wp-json\/wp\/v2\/posts"}],"about":[{"href":"https:\/\/www2.comunitaria.com.br\/en\/wp-json\/wp\/v2\/types\/post"}],"author":[{"embeddable":true,"href":"https:\/\/www2.comunitaria.com.br\/en\/wp-json\/wp\/v2\/users\/2"}],"replies":[{"embeddable":true,"href":"https:\/\/www2.comunitaria.com.br\/en\/wp-json\/wp\/v2\/comments?post=55011"}],"version-history":[{"count":0,"href":"https:\/\/www2.comunitaria.com.br\/en\/wp-json\/wp\/v2\/posts\/55011\/revisions"}],"wp:featuredmedia":[{"embeddable":true,"href":"https:\/\/www2.comunitaria.com.br\/en\/wp-json\/wp\/v2\/media\/55013"}],"wp:attachment":[{"href":"https:\/\/www2.comunitaria.com.br\/en\/wp-json\/wp\/v2\/media?parent=55011"}],"wp:term":[{"taxonomy":"category","embeddable":true,"href":"https:\/\/www2.comunitaria.com.br\/en\/wp-json\/wp\/v2\/categories?post=55011"},{"taxonomy":"post_tag","embeddable":true,"href":"https:\/\/www2.comunitaria.com.br\/en\/wp-json\/wp\/v2\/tags?post=55011"}],"curies":[{"name":"wp","href":"https:\/\/api.w.org\/{rel}","templated":true}]}}