{"id":5500,"date":"2015-07-24T11:36:44","date_gmt":"2015-07-24T13:36:44","guid":{"rendered":"http:\/\/www2.comunitaria.com.br\/?p=5500"},"modified":"2015-07-24T11:36:44","modified_gmt":"2015-07-24T13:36:44","slug":"sopa-que-faz-bem-trabalho-voluntario-transforma-cotidiano-de-comunidades","status":"publish","type":"post","link":"https:\/\/www2.comunitaria.com.br\/en\/sopa-que-faz-bem-trabalho-voluntario-transforma-cotidiano-de-comunidades\/","title":{"rendered":"Sopa que faz bem: trabalho volunt\u00e1rio transforma cotidiano de comunidades"},"content":{"rendered":"<p style=\"text-align: justify;\">Para alimentar o corpo e tamb\u00e9m a mente. S\u00e3o esses os resultados esperados com as atividades da Casa da Sopa, em Ira\u00ed. \u00c9 no alto de um morro, na Vila Militar, onde pelo menos 50 pessoas \u2013 em sua maioria crian\u00e7as \u2013 recebem aos s\u00e1bados um prato de comida.<\/p>\n<p style=\"text-align: justify;\">Logo depois das 10 horas, dona Salete Barbosa come\u00e7a os preparativos do card\u00e1pio do dia, que ser\u00e1 servido a partir das 11h30.<\/p>\n<p style=\"text-align: justify;\">Embora a institui\u00e7\u00e3o leve o nome do primeiro prato oferecido no local, h\u00e1 quatro anos, os volunt\u00e1rios preparam os alimentos que conseguirem. \u201c\u00c9 tudo vindo de doa\u00e7\u00f5es, feitas pelo povo, pela sociedade\u201d, explicou o coordenador da Casa da Sopa, Glenio Barbosa.<\/p>\n<p style=\"text-align: justify;\">\n<strong>Do sonho \u00e0 realidade<\/strong><br \/>\nFoi pelo empenho de Glenio e da esposa, Salete, que a institui\u00e7\u00e3o passou da condi\u00e7\u00e3o de sonho para a realidade. O casal juntou dinheiro e comprou uma casa de madeira para transform\u00e1-la em uma igreja de sua religi\u00e3o. Com o passar do tempo, eles puderam construir um refeit\u00f3rio no por\u00e3o e foi a\u00ed que tudo come\u00e7ou. \u201cAqui \u00e9 desenvolvido um trabalho da Igreja Evang\u00e9lica Assembleia de Deus, cujo pastor-presidente \u00e9 Peri Brizola. Nessa comunidade, eram os exclu\u00eddos dos exclu\u00eddos, e n\u00f3s t\u00ednhamos o desejo de mudar isso, o que fizemos depois que me aposentei\u201d, resumiu Glenio.<\/p>\n<p style=\"text-align: justify;\">Antes do hor\u00e1rio do almo\u00e7o, crian\u00e7as e adolescentes s\u00e3o incentivadas a brincar, ler, cantar e praticar esportes. Kelly Talita, 7 anos, frequenta a institui\u00e7\u00e3o todos os s\u00e1bados e disse que aprecia tanto a comida quanto as atividades. \u201cGosto de vir para brincar, ver os amigos e comer bombons\u201d, contou a menina.<\/p>\n<p style=\"text-align: justify;\">A m\u00e3e dela, Franciele Portella, de 25 anos, tamb\u00e9m aprova as a\u00e7\u00f5es. \u201c\u00c9 um trabalho muito interessante, eles ensinam muita coisa para as crian\u00e7as\u201d, destacou.<\/p>\n<p style=\"text-align: justify;\">\n<strong>Futuras profiss\u00f5es<\/strong><br \/>\nA ideia, futuramente, \u00e9 implementar frentes de trabalho em um pavilh\u00e3o doado por uma construtora. \u201cQueremos despert\u00e1-las para uma profiss\u00e3o. Assim que estiver pronto, queremos oferecer oficinas de croch\u00ea, tric\u00f4&#8230; Gostar\u00edamos tamb\u00e9m de ter aulas de m\u00fasica, mas falta gente para trabalhar voluntariamente. Precisamos de ajuda humana \u2013 at\u00e9 na cozinha \u2013, de gente que possa assumir isso como um compromisso\u201d, exp\u00f4s Salete.<\/p>\n<p style=\"text-align: justify;\">\n<strong>Mudan\u00e7a social<\/strong><br \/>\nA mudan\u00e7a na comunidade n\u00e3o se deu somente por meio da distribui\u00e7\u00e3o de comida e da realiza\u00e7\u00e3o de atividades recreativas. \u201cEnsinamos que as crian\u00e7as devem respeitar as pessoas. Sim, senhor; muito obrigado; por favor&#8230; As professoras elogiam muito e falam que o comportamento nas salas de aula melhorou em torno de 80%\u201d, comemorou Glenio.<\/p>\n<p style=\"text-align: justify;\">Um grande empecilho no caminho nas ruas da vila era o lixo. Ali\u00e1s, continua sendo um problema de sa\u00fade p\u00fablica. \u201cAs ruas est\u00e3o bem mais limpas. Conseguimos lixeiras com a prefeitura e outras improvisamos. Ensinamos que o lixo tem lugar e n\u00e3o \u00e9 a rua\u201d, disse o coordenador da Casa da Sopa, que ao perguntar \u00e0s crian\u00e7as \u201cOnde vai o lixo\u201d, prontamente recebe a resposta, em coro: \u201cNa lixeira\u201d.<\/p>\n<p><strong>Sop\u00e3o do Bem<\/strong><br \/>\nEm Palmeira das Miss\u00f5es, um grupo de volunt\u00e1rios realiza a\u00e7\u00e3o semelhante. \u00c9 o \u201cSop\u00e3o do Bem\u201d.<\/p>\n<p style=\"text-align: justify;\">Tudo come\u00e7ou em 2013, quando Tatiane Silva e a amiga Juliana Menegazzo tiveram a iniciativa de fazer um sop\u00e3o solid\u00e1rio, buscando ajudar os moradores de rua do munic\u00edpio. Mas, para a surpresa delas, n\u00e3o encontraram ningu\u00e9m nessa condi\u00e7\u00e3o. Ent\u00e3o, foram at\u00e9 os bairros mais pobres do munic\u00edpio, para fazer a entrega de sopas e cobertores.<\/p>\n<p style=\"text-align: justify;\">De l\u00e1 pra c\u00e1, o sop\u00e3o est\u00e1 sendo um sucesso e j\u00e1 \u00e9 distribu\u00eddo tr\u00eas vezes por semana &#8211; nas segundas, quartas e sextas-feiras -, em sete bairros: Esperan\u00e7a, Santa Catarina, Mutir\u00e3o, Passo D&#8217;Areia, Pr\u00f3-morar II, Jardim e Profelurb.<\/p>\n<p style=\"text-align: justify;\">Tati criou a p\u00e1gina no Facebook chamada \u201cSop\u00e3o do Bem\u201d, que j\u00e1 conta com mais de dois mil membros que realizam as doa\u00e7\u00f5es dos alimentos a serem distribu\u00eddos, que inclusive, retratam o tamanho da solidariedade do povo: mais de 200 litros de sopa e 1,5 mil p\u00e3es s\u00e3o entregues \u00e0s fam\u00edlias toda a semana.<\/p>\n<p style=\"text-align: justify;\">\n<strong>Trabalho que d\u00e1 gosto<\/strong><br \/>\nSegundo ela, o trabalho volunt\u00e1rio \u00e9 gratificante, pois dessa forma, as pessoas come\u00e7am a entender que n\u00e3o precisam de muito para viver. \u201cN\u00e3o tem pre\u00e7o que pague ver o sorriso de uma crian\u00e7a quando a gente chega com o carro na frente da sua casa. Certo dia, estive na casa de uma fam\u00edlia de catadores de papel e fiquei impressionada com rela\u00e7\u00e3o a como fui recebida. Um casal de irm\u00e3os achou no lixo algumas pe\u00e7as de roupas, que para minha surpresa, elas estavam usando. Eu perguntei: &#8216;Voc\u00eas est\u00e3o indo a alguma festa?&#8217;, e a menina me respondeu, \u2018N\u00e3o, a gente se arrumou para esperar voc\u00eas&#8217;. Isso mexe com o ser humano\u201d, explicou.<\/p>\n<p style=\"text-align: justify;\">Futuramente, as volunt\u00e1rias esperam aumentar ainda mais a produ\u00e7\u00e3o. A pr\u00f3xima tarefa est\u00e1 planejada para ser realizada durante as f\u00e9rias escolares, neste m\u00eas, quando muitas crian\u00e7as ficar\u00e3o em casa e devem ganhar lanche, al\u00e9m do sop\u00e3o.<\/p>\n\n\t\t<style type=\"text\/css\">\n\t\t\t#gallery-1 {\n\t\t\t\tmargin: auto;\n\t\t\t}\n\t\t\t#gallery-1 .gallery-item {\n\t\t\t\tfloat: left;\n\t\t\t\tmargin-top: 10px;\n\t\t\t\ttext-align: center;\n\t\t\t\twidth: 50%;\n\t\t\t}\n\t\t\t#gallery-1 img {\n\t\t\t\tborder: 2px solid #cfcfcf;\n\t\t\t}\n\t\t\t#gallery-1 .gallery-caption {\n\t\t\t\tmargin-left: 0;\n\t\t\t}\n\t\t\t\/* see gallery_shortcode() in wp-includes\/media.php *\/\n\t\t<\/style>\n\t\t<div id='gallery-1' class='gallery galleryid-5500 gallery-columns-2 gallery-size-medium'><dl class='gallery-item'>\n\t\t\t<dt class='gallery-icon landscape'>\n\t\t\t\t<a href='https:\/\/www2.comunitaria.com.br\/en\/sopa-que-faz-bem-trabalho-voluntario-transforma-cotidiano-de-comunidades\/4346_48464\/'><img loading=\"lazy\" decoding=\"async\" width=\"300\" height=\"200\" src=\"https:\/\/www2.comunitaria.com.br\/wp-content\/uploads\/2015\/07\/4346_48464-300x200.jpg\" class=\"attachment-medium size-medium\" alt=\"\" srcset=\"https:\/\/www2.comunitaria.com.br\/wp-content\/uploads\/2015\/07\/4346_48464-300x200.jpg 300w, https:\/\/www2.comunitaria.com.br\/wp-content\/uploads\/2015\/07\/4346_48464.jpg 770w\" sizes=\"auto, (max-width: 300px) 100vw, 300px\" \/><\/a>\n\t\t\t<\/dt><\/dl><dl class='gallery-item'>\n\t\t\t<dt class='gallery-icon landscape'>\n\t\t\t\t<a href='https:\/\/www2.comunitaria.com.br\/en\/sopa-que-faz-bem-trabalho-voluntario-transforma-cotidiano-de-comunidades\/4346_48463\/'><img loading=\"lazy\" decoding=\"async\" width=\"300\" height=\"199\" src=\"https:\/\/www2.comunitaria.com.br\/wp-content\/uploads\/2015\/07\/4346_48463-300x199.jpg\" class=\"attachment-medium size-medium\" alt=\"\" srcset=\"https:\/\/www2.comunitaria.com.br\/wp-content\/uploads\/2015\/07\/4346_48463-300x199.jpg 300w, https:\/\/www2.comunitaria.com.br\/wp-content\/uploads\/2015\/07\/4346_48463.jpg 770w\" sizes=\"auto, (max-width: 300px) 100vw, 300px\" \/><\/a>\n\t\t\t<\/dt><\/dl><br style=\"clear: both\" \/>\n\t\t<\/div>\n\n<p style=\"text-align: justify;\"><strong>Cristiane Luza e Renato Padilha\/Folha do Noroeste<\/strong><\/p>","protected":false},"excerpt":{"rendered":"<p>Para alimentar o corpo e tamb\u00e9m a mente. S\u00e3o esses os resultados esperados com as atividades da Casa da Sopa, em Ira\u00ed. \u00c9 no alto de um morro, na Vila Militar, onde pelo menos 50 pessoas \u2013 em sua maioria crian\u00e7as \u2013 recebem aos s\u00e1bados um prato de comida. Logo depois das 10 horas, dona<\/p>\n<div class=\"read-more-wrapper\"><a class=\"read-more\" href=\"https:\/\/www2.comunitaria.com.br\/en\/sopa-que-faz-bem-trabalho-voluntario-transforma-cotidiano-de-comunidades\/\" title=\"Read More\"> <span class=\"button\">Read More<\/span><\/a><\/div>","protected":false},"author":2,"featured_media":5501,"comment_status":"open","ping_status":"closed","sticky":false,"template":"","format":"standard","meta":{"ngg_post_thumbnail":0,"footnotes":""},"categories":[28,33,43],"tags":[172,202,86,1306],"class_list":["post-5500","post","type-post","status-publish","format-standard","has-post-thumbnail","hentry","category-destaque","category-noticias","category-regiao","tag-irai","tag-palmeira-das-missoes","tag-regiao-2","tag-solidariedade"],"amp_enabled":true,"_links":{"self":[{"href":"https:\/\/www2.comunitaria.com.br\/en\/wp-json\/wp\/v2\/posts\/5500","targetHints":{"allow":["GET"]}}],"collection":[{"href":"https:\/\/www2.comunitaria.com.br\/en\/wp-json\/wp\/v2\/posts"}],"about":[{"href":"https:\/\/www2.comunitaria.com.br\/en\/wp-json\/wp\/v2\/types\/post"}],"author":[{"embeddable":true,"href":"https:\/\/www2.comunitaria.com.br\/en\/wp-json\/wp\/v2\/users\/2"}],"replies":[{"embeddable":true,"href":"https:\/\/www2.comunitaria.com.br\/en\/wp-json\/wp\/v2\/comments?post=5500"}],"version-history":[{"count":0,"href":"https:\/\/www2.comunitaria.com.br\/en\/wp-json\/wp\/v2\/posts\/5500\/revisions"}],"wp:featuredmedia":[{"embeddable":true,"href":"https:\/\/www2.comunitaria.com.br\/en\/wp-json\/wp\/v2\/media\/5501"}],"wp:attachment":[{"href":"https:\/\/www2.comunitaria.com.br\/en\/wp-json\/wp\/v2\/media?parent=5500"}],"wp:term":[{"taxonomy":"category","embeddable":true,"href":"https:\/\/www2.comunitaria.com.br\/en\/wp-json\/wp\/v2\/categories?post=5500"},{"taxonomy":"post_tag","embeddable":true,"href":"https:\/\/www2.comunitaria.com.br\/en\/wp-json\/wp\/v2\/tags?post=5500"}],"curies":[{"name":"wp","href":"https:\/\/api.w.org\/{rel}","templated":true}]}}