{"id":5498,"date":"2015-07-24T11:27:01","date_gmt":"2015-07-24T13:27:01","guid":{"rendered":"http:\/\/www2.comunitaria.com.br\/?p=5498"},"modified":"2015-07-24T11:27:01","modified_gmt":"2015-07-24T13:27:01","slug":"secretaria-municipal-da-assistencia-social-e-habitacao-realizara-conferencia","status":"publish","type":"post","link":"https:\/\/www2.comunitaria.com.br\/en\/secretaria-municipal-da-assistencia-social-e-habitacao-realizara-conferencia\/","title":{"rendered":"Secretaria Municipal da Assist\u00eancia Social e Habita\u00e7\u00e3o realizar\u00e1 confer\u00eancia"},"content":{"rendered":"<p style=\"text-align: justify;\">A Secretaria Municipal da Assist\u00eancia Social e Habita\u00e7\u00e3o realizar\u00e1, no dia 06 de agosto, a Confer\u00eancia Municipal da Assist\u00eancia Social. O evento come\u00e7ar\u00e1 \u00e0s 8 horas em local a ser definido.<\/p>\n<p style=\"text-align: justify;\">Na tarde desta quarta-feira, 22 de julho, realizou-se a Pr\u00e9-Confer\u00eancia da Assist\u00eancia Social, onde estiveram presentes representantes do <span class=\"st\">Centro de Refer\u00eancia de Assist\u00eancia Social\u00a0 &#8211; <\/span>CRAS, <span class=\"st\">Centro de Refer\u00eancia Especializado de Assist\u00eancia Social<\/span> &#8211; CREAS e membros da Assist\u00eancia Social.<\/p>\n<p style=\"text-align: justify;\">Na pr\u00e9-confer\u00eancia, foram debatidas quest\u00f5es como o v\u00ednculo de mun\u00edcipes a programas sociais e conv\u00eanios do munic\u00edpio e tamb\u00e9m foram apontadas solu\u00e7\u00f5es para melhor conviv\u00eancia e orienta\u00e7\u00e3o entre equipe t\u00e9cnica e grupos de fam\u00edlias.<\/p>\n<p style=\"text-align: justify;\"><strong>Foto:<\/strong> ASCOM Prefeitura Municipal de Frederico Westphalen<\/p>","protected":false},"excerpt":{"rendered":"<p>A Secretaria Municipal da Assist\u00eancia Social e Habita\u00e7\u00e3o realizar\u00e1, no dia 06 de agosto, a Confer\u00eancia Municipal da Assist\u00eancia Social. O evento come\u00e7ar\u00e1 \u00e0s 8 horas em local a ser definido. Na tarde desta quarta-feira, 22 de julho, realizou-se a Pr\u00e9-Confer\u00eancia da Assist\u00eancia Social, onde estiveram presentes representantes do Centro de Refer\u00eancia de Assist\u00eancia Social\u00a0<\/p>\n<div class=\"read-more-wrapper\"><a class=\"read-more\" href=\"https:\/\/www2.comunitaria.com.br\/en\/secretaria-municipal-da-assistencia-social-e-habitacao-realizara-conferencia\/\" title=\"Read More\"> <span class=\"button\">Read More<\/span><\/a><\/div>","protected":false},"author":2,"featured_media":5499,"comment_status":"open","ping_status":"closed","sticky":false,"template":"","format":"standard","meta":{"ngg_post_thumbnail":0,"footnotes":""},"categories":[42,28,33],"tags":[1305,1055,82,707,226],"class_list":["post-5498","post","type-post","status-publish","format-standard","has-post-thumbnail","hentry","category-fred-west","category-destaque","category-noticias","tag-assistencia-social","tag-conferencia","tag-frederico-westphalen","tag-habitacao","tag-prefeitura"],"amp_enabled":true,"_links":{"self":[{"href":"https:\/\/www2.comunitaria.com.br\/en\/wp-json\/wp\/v2\/posts\/5498","targetHints":{"allow":["GET"]}}],"collection":[{"href":"https:\/\/www2.comunitaria.com.br\/en\/wp-json\/wp\/v2\/posts"}],"about":[{"href":"https:\/\/www2.comunitaria.com.br\/en\/wp-json\/wp\/v2\/types\/post"}],"author":[{"embeddable":true,"href":"https:\/\/www2.comunitaria.com.br\/en\/wp-json\/wp\/v2\/users\/2"}],"replies":[{"embeddable":true,"href":"https:\/\/www2.comunitaria.com.br\/en\/wp-json\/wp\/v2\/comments?post=5498"}],"version-history":[{"count":0,"href":"https:\/\/www2.comunitaria.com.br\/en\/wp-json\/wp\/v2\/posts\/5498\/revisions"}],"wp:featuredmedia":[{"embeddable":true,"href":"https:\/\/www2.comunitaria.com.br\/en\/wp-json\/wp\/v2\/media\/5499"}],"wp:attachment":[{"href":"https:\/\/www2.comunitaria.com.br\/en\/wp-json\/wp\/v2\/media?parent=5498"}],"wp:term":[{"taxonomy":"category","embeddable":true,"href":"https:\/\/www2.comunitaria.com.br\/en\/wp-json\/wp\/v2\/categories?post=5498"},{"taxonomy":"post_tag","embeddable":true,"href":"https:\/\/www2.comunitaria.com.br\/en\/wp-json\/wp\/v2\/tags?post=5498"}],"curies":[{"name":"wp","href":"https:\/\/api.w.org\/{rel}","templated":true}]}}