{"id":54901,"date":"2022-08-15T16:48:19","date_gmt":"2022-08-15T18:48:19","guid":{"rendered":"http:\/\/www2.comunitaria.com.br\/?p=54901"},"modified":"2022-08-15T16:48:19","modified_gmt":"2022-08-15T18:48:19","slug":"ufsm-publica-edital-de-vagas-remanescentes-para-ingresso-na-pos-graduacao","status":"publish","type":"post","link":"https:\/\/www2.comunitaria.com.br\/en\/ufsm-publica-edital-de-vagas-remanescentes-para-ingresso-na-pos-graduacao\/","title":{"rendered":"UFSM publica edital de vagas remanescentes para ingresso na P\u00f3s-Gradua\u00e7\u00e3o"},"content":{"rendered":"<p>As Coordena\u00e7\u00f5es dos Programas de P\u00f3s-Gradua\u00e7\u00e3o e a Pr\u00f3-Reitoria de P\u00f3s-Gradua\u00e7\u00e3o e Pesquisa (PRPGP) tornam p\u00fablico o Edital Extraordin\u00e1rio para o processo seletivo da P\u00f3s-gradua\u00e7\u00e3o, em n\u00edvel de Doutorado, Mestrado e Especializa\u00e7\u00e3o, com ingresso no 2\u00ba semestre letivo de 2022. As incri\u00e7\u00f5es podem ser feitas entre 13 de agosto at\u00e9 \u00e0s 12h do dia 22 de agosto.<\/p>\n<p>Neste edital est\u00e3o sendo ofertadas 62 vagas de doutorado, 92 de mestrado e 9 de especializa\u00e7\u00e3o, totalizando 163 vagas. Os Editais Espec\u00edficos referentes de cada Curso de P\u00f3s-gradua\u00e7\u00e3o est\u00e3o publicados na p\u00e1gina geral do Edital e separados por n\u00edvel de curso, Doutorado, Mestrado e especializa\u00e7\u00e3o.<\/p>\n<p>Os cursos de P\u00f3s-Gradua\u00e7\u00e3o deste edital tem suas atividades acad\u00eamicas realizadas de forma presencial, com in\u00edcio no m\u00eas de setembro.<\/p>\n<p>D\u00favidas referente ao Edital Geral de sele\u00e7\u00e3o podem ser encaminhadas \u00e0 Coordenadoria de P\u00f3s-Gradua\u00e7\u00e3o (CPG) da PRPGP, atrav\u00e9s do e-mail editais.cpg@ufsm.br.<\/p>\n<p>As d\u00favidas e solicita\u00e7\u00f5es de informa\u00e7\u00f5es referentes aos Editais Espec\u00edficos de cada Curso, ao processo de sele\u00e7\u00e3o e a documenta\u00e7\u00e3o a ser enviada, devem ser encaminhadas a cada Programa\/Curso. As formas de contato podem ser obtidas nos editais espec\u00edficos.<\/p>","protected":false},"excerpt":{"rendered":"<p>As Coordena\u00e7\u00f5es dos Programas de P\u00f3s-Gradua\u00e7\u00e3o e a Pr\u00f3-Reitoria de P\u00f3s-Gradua\u00e7\u00e3o e Pesquisa (PRPGP) tornam p\u00fablico o Edital Extraordin\u00e1rio para o processo seletivo da P\u00f3s-gradua\u00e7\u00e3o, em n\u00edvel de Doutorado, Mestrado&#8230;<\/p>","protected":false},"author":2,"featured_media":41924,"comment_status":"open","ping_status":"closed","sticky":false,"template":"","format":"standard","meta":{"ngg_post_thumbnail":0,"footnotes":""},"categories":[44,33],"tags":[],"class_list":["post-54901","post","type-post","status-publish","format-standard","has-post-thumbnail","hentry","category-educacao","category-noticias"],"amp_enabled":true,"_links":{"self":[{"href":"https:\/\/www2.comunitaria.com.br\/en\/wp-json\/wp\/v2\/posts\/54901","targetHints":{"allow":["GET"]}}],"collection":[{"href":"https:\/\/www2.comunitaria.com.br\/en\/wp-json\/wp\/v2\/posts"}],"about":[{"href":"https:\/\/www2.comunitaria.com.br\/en\/wp-json\/wp\/v2\/types\/post"}],"author":[{"embeddable":true,"href":"https:\/\/www2.comunitaria.com.br\/en\/wp-json\/wp\/v2\/users\/2"}],"replies":[{"embeddable":true,"href":"https:\/\/www2.comunitaria.com.br\/en\/wp-json\/wp\/v2\/comments?post=54901"}],"version-history":[{"count":0,"href":"https:\/\/www2.comunitaria.com.br\/en\/wp-json\/wp\/v2\/posts\/54901\/revisions"}],"wp:featuredmedia":[{"embeddable":true,"href":"https:\/\/www2.comunitaria.com.br\/en\/wp-json\/wp\/v2\/media\/41924"}],"wp:attachment":[{"href":"https:\/\/www2.comunitaria.com.br\/en\/wp-json\/wp\/v2\/media?parent=54901"}],"wp:term":[{"taxonomy":"category","embeddable":true,"href":"https:\/\/www2.comunitaria.com.br\/en\/wp-json\/wp\/v2\/categories?post=54901"},{"taxonomy":"post_tag","embeddable":true,"href":"https:\/\/www2.comunitaria.com.br\/en\/wp-json\/wp\/v2\/tags?post=54901"}],"curies":[{"name":"wp","href":"https:\/\/api.w.org\/{rel}","templated":true}]}}