{"id":54829,"date":"2022-08-10T10:30:18","date_gmt":"2022-08-10T12:30:18","guid":{"rendered":"http:\/\/www2.comunitaria.com.br\/?p=54829"},"modified":"2022-08-09T22:04:57","modified_gmt":"2022-08-10T00:04:57","slug":"e-fake-que-titulos-de-eleitor-de-cidadaos-com-mais-de-70-anos-estao-sendo-cancelados","status":"publish","type":"post","link":"https:\/\/www2.comunitaria.com.br\/en\/e-fake-que-titulos-de-eleitor-de-cidadaos-com-mais-de-70-anos-estao-sendo-cancelados\/","title":{"rendered":"\u00c9 #FAKE que t\u00edtulos de eleitor de cidad\u00e3os com mais de 70 anos est\u00e3o sendo cancelados"},"content":{"rendered":"<p><span style=\"font-weight: 400;\">Est\u00e3o sendo divulgadas publica\u00e7\u00f5es que alegam que os t\u00edtulos de eleitor de cidad\u00e3os com idade superior a 70 anos est\u00e3o sendo cancelados. Tome cuidado, essa not\u00edcia \u00e9 falsa!&nbsp;<\/span><\/p>\n<p><span style=\"font-weight: 400;\">As postagens afirmam que est\u00e3o sendo cancelados os t\u00edtulos de quem tem mais de 70 anos, e que isso foi descoberto por meio de uma certid\u00e3o negativa do Cart\u00f3rio Eleitoral, onde no rodap\u00e9 da p\u00e1gina dizia que a inscri\u00e7\u00e3o foi cancelada.&nbsp;<\/span><\/p>\n<p><span style=\"font-weight: 400;\">Mas, ao contr\u00e1rio do que alegam as mensagens, indiv\u00edduos com mais de 70 anos s\u00e3o isentos do cancelamento de seus t\u00edtulos, j\u00e1 que, para esse grupo, o voto \u00e9 facultativo. A disposi\u00e7\u00e3o est\u00e1 estabelecida no artigo 14 da <\/span><a href=\"http:\/\/www.planalto.gov.br\/ccivil_03\/constituicao\/constituicao.htm#:~:text=%C2%A7%201%C2%BA%20O%20alistamento,de%20dezoito%20anos.\"><span style=\"font-weight: 400;\">Constitui\u00e7\u00e3o Federal<\/span><\/a><span style=\"font-weight: 400;\">.<\/span><\/p>\n<p><span style=\"font-weight: 400;\">O artigo 130 da <\/span><a href=\"https:\/\/www.tse.jus.br\/legislacao\/compilada\/res\/2021\/resolucao-no-23-659-de-26-de-outubro-de-2021#:~:text=%C2%A7%202%C2%BA%20N%C3%A3o%20se,voto%20seja%20facultativo%3B\"><span style=\"font-weight: 400;\">resolu\u00e7\u00e3o 23.659<\/span><\/a><span style=\"font-weight: 400;\"> do Tribunal Superior Eleitoral, de 26 de outubro de 2021, destaca as situa\u00e7\u00f5es nas quais o t\u00edtulo de eleitor pode ser cancelado: <\/span><span style=\"font-weight: 400;\">\u201cSer\u00e1 cancelada a inscri\u00e7\u00e3o do eleitor ou da eleitora que se abstiver de votar em tr\u00eas elei\u00e7\u00f5es consecutivas, salvo se houver apresentado justificativa para a falta ou efetuado o pagamento de multa\u201d<\/span><span style=\"font-weight: 400;\">.<\/span><\/p>\n<p><span style=\"font-weight: 400;\">A norma esclarece que, para fins de contagem das tr\u00eas elei\u00e7\u00f5es consecutivas, considera-se como uma elei\u00e7\u00e3o cada um dos turnos do pleito. <\/span><span style=\"font-weight: 400;\">Contudo, a mesma se\u00e7\u00e3o ressalta que isso n\u00e3o se aplica, por exemplo, \u00e0s pessoas para as quais <\/span><span style=\"font-weight: 400;\">\u201co exerc\u00edcio do voto seja facultativo\u201d<\/span><span style=\"font-weight: 400;\">, que \u00e9 o caso dos maiores de 70 anos, assim como os jovens entre os 16 e 18 anos, ou os analfabetos.<\/span><\/p>\n<p><span style=\"font-weight: 400;\">Al\u00e9m disso, o cancelamento do t\u00edtulo n\u00e3o acontece de uma hora para a outra. Sobre as regras atuais para a suspens\u00e3o do documento, o Tribunal Superior Eleitoral aponta que mesmo <\/span><span style=\"font-weight: 400;\">os eleitores que faltaram<\/span><span style=\"font-weight: 400;\"> \u00e0s elei\u00e7\u00f5es e<\/span><span style=\"font-weight: 400;\">m 2020 n\u00e3o sofrer\u00e3o consequ\u00eancias em raz\u00e3o da pandemia de covid-19\u201d<\/span><span style=\"font-weight: 400;\">. A decis\u00e3o consta da <\/span><a href=\"https:\/\/www.tse.jus.br\/legislacao\/compilada\/res\/2021\/re\"><span style=\"font-weight: 400;\">resolu\u00e7\u00e3o 23.637<\/span><\/a><span style=\"font-weight: 400;\">, de 21 de janeiro de 2021, que foi prorrogada por prazo indeterminado ap\u00f3s <\/span><a href=\"https:\/\/www.tse.jus.br\/imprensa\/noticias-tse\/2022\/Marco\/tse-prorroga-suspensao-das-consequencias-para-o-eleitor-que-nao-votou-nas-eleicoes-2020\"><span style=\"font-weight: 400;\">aprova\u00e7\u00e3o<\/span><\/a><span style=\"font-weight: 400;\"> pelo plen\u00e1rio da Corte do TSE em 24 de mar\u00e7o de 2022.<\/span><\/p>\n<p><span style=\"font-weight: 400;\">O tribunal tamb\u00e9m ressaltou, em comunicado publicado em 25 de mar\u00e7o passado, que, por determina\u00e7\u00e3o da Justi\u00e7a Eleitoral, <\/span><span style=\"font-weight: 400;\">\u201cas eleitoras e os eleitores que n\u00e3o fizeram o cadastramento biom\u00e9trico em virtude da pandemia de covid-19 n\u00e3o tiveram t\u00edtulos eleitorais cancelados\u201d<\/span><span style=\"font-weight: 400;\">.<\/span><\/p>","protected":false},"excerpt":{"rendered":"<p>Est\u00e3o sendo divulgadas publica\u00e7\u00f5es que alegam que os t\u00edtulos de eleitor de cidad\u00e3os com idade superior a 70 anos est\u00e3o sendo cancelados. Tome cuidado, essa not\u00edcia \u00e9 falsa!&nbsp; As postagens&#8230;<\/p>","protected":false},"author":2,"featured_media":54831,"comment_status":"open","ping_status":"closed","sticky":false,"template":"","format":"standard","meta":{"ngg_post_thumbnail":0,"footnotes":""},"categories":[6173,6170],"tags":[],"class_list":["post-54829","post","type-post","status-publish","format-standard","has-post-thumbnail","hentry","category-eleicoes-2022","category-fato-ou-fake"],"amp_enabled":true,"_links":{"self":[{"href":"https:\/\/www2.comunitaria.com.br\/en\/wp-json\/wp\/v2\/posts\/54829","targetHints":{"allow":["GET"]}}],"collection":[{"href":"https:\/\/www2.comunitaria.com.br\/en\/wp-json\/wp\/v2\/posts"}],"about":[{"href":"https:\/\/www2.comunitaria.com.br\/en\/wp-json\/wp\/v2\/types\/post"}],"author":[{"embeddable":true,"href":"https:\/\/www2.comunitaria.com.br\/en\/wp-json\/wp\/v2\/users\/2"}],"replies":[{"embeddable":true,"href":"https:\/\/www2.comunitaria.com.br\/en\/wp-json\/wp\/v2\/comments?post=54829"}],"version-history":[{"count":0,"href":"https:\/\/www2.comunitaria.com.br\/en\/wp-json\/wp\/v2\/posts\/54829\/revisions"}],"wp:featuredmedia":[{"embeddable":true,"href":"https:\/\/www2.comunitaria.com.br\/en\/wp-json\/wp\/v2\/media\/54831"}],"wp:attachment":[{"href":"https:\/\/www2.comunitaria.com.br\/en\/wp-json\/wp\/v2\/media?parent=54829"}],"wp:term":[{"taxonomy":"category","embeddable":true,"href":"https:\/\/www2.comunitaria.com.br\/en\/wp-json\/wp\/v2\/categories?post=54829"},{"taxonomy":"post_tag","embeddable":true,"href":"https:\/\/www2.comunitaria.com.br\/en\/wp-json\/wp\/v2\/tags?post=54829"}],"curies":[{"name":"wp","href":"https:\/\/api.w.org\/{rel}","templated":true}]}}