{"id":54797,"date":"2022-08-06T15:01:16","date_gmt":"2022-08-06T17:01:16","guid":{"rendered":"http:\/\/www2.comunitaria.com.br\/?p=54797"},"modified":"2022-08-06T15:01:16","modified_gmt":"2022-08-06T17:01:16","slug":"e-fake-que-tse-teria-comprado-32-mil-urnas-eletronicas-grampeadas-para-definir-as-eleicoes","status":"publish","type":"post","link":"https:\/\/www2.comunitaria.com.br\/en\/e-fake-que-tse-teria-comprado-32-mil-urnas-eletronicas-grampeadas-para-definir-as-eleicoes\/","title":{"rendered":"\u00c9 #FAKE que TSE teria comprado 32 mil urnas eletr\u00f4nicas grampeadas para definir as elei\u00e7\u00f5es"},"content":{"rendered":"<p><span style=\"font-weight: 400;\">Circula pelas redes sociais um <\/span><span style=\"font-weight: 400;\">v\u00eddeo<\/span><span style=\"font-weight: 400;\"> que sugere que o TSE teria comprado 32 mil urnas eletr\u00f4nicas que j\u00e1 estariam com votos v\u00e1lidos inseridos previamente. Tome cuidado, essa not\u00edcia \u00e9 falsa!<\/span><\/p>\n<p><span style=\"font-weight: 400;\">Segundo o autor da publica\u00e7\u00e3o, que usa o termo \u201cSTE\u201d para fazer refer\u00eancia ao TSE (Tribunal Superior Eleitoral), os equipamentos est\u00e3o estocados e s\u00f3 seriam usados no dia da elei\u00e7\u00e3o. A frase \u201cO STE comprou 32 mil urnas grampeadas para definir as elei\u00e7\u00f5es\u201d foi sobreposta ao v\u00eddeo.<\/span><\/p>\n<p><span style=\"font-weight: 400;\">Em mar\u00e7o de 2021, o TSE firmou um contrato com a empresa Positivo Tecnologia S.A para a produ\u00e7\u00e3o de <\/span><a href=\"https:\/\/www.tse.jus.br\/comunicacao\/noticias\/2021\/Marco\/tse-adquire-mais-de-32-mil-urnas-eletronicas\"><span style=\"font-weight: 400;\">32.609 urnas eletr\u00f4nicas<\/span><\/a><span style=\"font-weight: 400;\"> do modelo UE2020. O lote faz parte de uma encomenda de um total de 224.999 urnas do modelo para serem usadas nas elei\u00e7\u00f5es de 2022. Em resposta ao Comprova, o tribunal confirmou que a \u00faltima leva dessa encomenda foi entregue na segunda quinzena de julho.<\/span><\/p>\n<p><span style=\"font-weight: 400;\">Ao contr\u00e1rio do que diz o v\u00eddeo, as urnas compradas n\u00e3o est\u00e3o estocadas. O TSE comunicou que os equipamentos foram repassados para todos os 27 Tribunais Regionais Eleitorais na quantidade prevista, que possuem log\u00edstica pr\u00f3pria de distribui\u00e7\u00e3o e armazenamento.<\/span><\/p>\n<p><span style=\"font-weight: 400;\">Para o Comprova, canal de not\u00edcias que investigou o caso, o TSE certificou que n\u00e3o existem urnas eletr\u00f4nicas grampeadas. \u201cTodos os equipamentos possuem arquitetura de seguran\u00e7a desenvolvida pelo TSE, e tanto o projeto quanto a fabrica\u00e7\u00e3o passam por um rigoroso processo de acompanhamento e auditoria por parte do TSE. Al\u00e9m disso, somente os softwares oficiais, que s\u00e3o integralmente desenvolvidos pela Justi\u00e7a Eleitoral, s\u00e3o aceitos nas urnas. Os novos equipamentos tamb\u00e9m est\u00e3o sendo testados por pesquisadores da Universidade de S\u00e3o Paulo (USP)\u201d, esclarece.<\/span><\/p>\n<p><span style=\"font-weight: 400;\">De acordo com o TSE, cerca de um m\u00eas antes do primeiro turno das elei\u00e7\u00f5es de 2022, os sistemas eleitorais ser\u00e3o assinados (digital e fisicamente) e depois lacrados em cerim\u00f4nia p\u00fablica realizada no edif\u00edcio-sede da institui\u00e7\u00e3o. \u201cEssa \u00e9 a garantia de que os arquivos que rodar\u00e3o dentro das urnas tiveram a autenticidade comprovada tanto pela Corte Eleitoral quanto pelas entidades legitimadas a fiscalizar o processo eleitoral\u201d, assegura o tribunal.<\/span><\/p>\n<p><span style=\"font-weight: 400;\">Al\u00e9m disso, especialistas na \u00e1rea de computa\u00e7\u00e3o com experi\u00eancia no tema tamb\u00e9m afirmaram que as urnas eletr\u00f4nicas t\u00eam ferramentas eficientes contra fraude. Entre os pontos destacados est\u00e1 o fato de eleitores e representantes dos partidos poderem acompanhar a impress\u00e3o da zer\u00e9zima \u2013 documento que mostra que n\u00e3o h\u00e1 votos registrados no equipamento \u2013 antes do in\u00edcio da vota\u00e7\u00e3o. Eles tamb\u00e9m ressaltaram que o mesmo software \u00e9 usado em todas as urnas.<\/span><\/p>","protected":false},"excerpt":{"rendered":"<p>Circula pelas redes sociais um v\u00eddeo que sugere que o TSE teria comprado 32 mil urnas eletr\u00f4nicas que j\u00e1 estariam com votos v\u00e1lidos inseridos previamente. Tome cuidado, essa not\u00edcia \u00e9 falsa! Segundo o autor da publica\u00e7\u00e3o, que usa o termo \u201cSTE\u201d para fazer refer\u00eancia ao TSE (Tribunal Superior Eleitoral), os equipamentos est\u00e3o estocados e s\u00f3<\/p>\n<div class=\"read-more-wrapper\"><a class=\"read-more\" href=\"https:\/\/www2.comunitaria.com.br\/en\/e-fake-que-tse-teria-comprado-32-mil-urnas-eletronicas-grampeadas-para-definir-as-eleicoes\/\" title=\"Read More\"> <span class=\"button\">Read More<\/span><\/a><\/div>","protected":false},"author":2,"featured_media":54799,"comment_status":"open","ping_status":"closed","sticky":false,"template":"","format":"standard","meta":{"ngg_post_thumbnail":0,"footnotes":""},"categories":[6173,6170],"tags":[],"class_list":["post-54797","post","type-post","status-publish","format-standard","has-post-thumbnail","hentry","category-eleicoes-2022","category-fato-ou-fake"],"amp_enabled":true,"_links":{"self":[{"href":"https:\/\/www2.comunitaria.com.br\/en\/wp-json\/wp\/v2\/posts\/54797","targetHints":{"allow":["GET"]}}],"collection":[{"href":"https:\/\/www2.comunitaria.com.br\/en\/wp-json\/wp\/v2\/posts"}],"about":[{"href":"https:\/\/www2.comunitaria.com.br\/en\/wp-json\/wp\/v2\/types\/post"}],"author":[{"embeddable":true,"href":"https:\/\/www2.comunitaria.com.br\/en\/wp-json\/wp\/v2\/users\/2"}],"replies":[{"embeddable":true,"href":"https:\/\/www2.comunitaria.com.br\/en\/wp-json\/wp\/v2\/comments?post=54797"}],"version-history":[{"count":0,"href":"https:\/\/www2.comunitaria.com.br\/en\/wp-json\/wp\/v2\/posts\/54797\/revisions"}],"wp:featuredmedia":[{"embeddable":true,"href":"https:\/\/www2.comunitaria.com.br\/en\/wp-json\/wp\/v2\/media\/54799"}],"wp:attachment":[{"href":"https:\/\/www2.comunitaria.com.br\/en\/wp-json\/wp\/v2\/media?parent=54797"}],"wp:term":[{"taxonomy":"category","embeddable":true,"href":"https:\/\/www2.comunitaria.com.br\/en\/wp-json\/wp\/v2\/categories?post=54797"},{"taxonomy":"post_tag","embeddable":true,"href":"https:\/\/www2.comunitaria.com.br\/en\/wp-json\/wp\/v2\/tags?post=54797"}],"curies":[{"name":"wp","href":"https:\/\/api.w.org\/{rel}","templated":true}]}}